{"id":9642,"date":"2004-10-28T00:00:00","date_gmt":"2004-10-27T22:00:00","guid":{"rendered":"https:\/\/webdali.latempesta.eu\/fundacio-dali\/noticia\/el-gremi-d-hostaleria-costa-brava-centre-concedeix-el-timo-d-or-a-la-fundacio-gala-salvador-dali\/"},"modified":"2025-06-26T10:20:21","modified_gmt":"2025-06-26T08:20:21","slug":"the-costa-brava-centre-hotel-guild-awards-the-gala-salvador-dali-foundation-the-timo-d-or","status":"publish","type":"noticia","link":"https:\/\/webdali.latempesta.eu\/en\/dali-foundation\/news\/the-costa-brava-centre-hotel-guild-awards-the-gala-salvador-dali-foundation-the-timo-d-or\/","title":{"rendered":"The Costa Brava Centre Hotel guild awards the Gala-Salvador Dal\u00ed Foundation the Tim\u00f3 d\u2019Or"},"content":{"rendered":"<p>Llu\u00eds Pe\u00f1uelas, General Secretary of the Dal\u00ed Foundation, collected the Tim\u00f3 d\u2019Or (\u201cGold Rudder\u201d) prize from the hands of Josep M. Casellas at the 24th edition of the Costa Brava Centre Union of Hotel and Tourism Companies\u2019 annual celebration. The price was awarded for the Foundation\u2019s contribution to the tourist destination\u2019s cultural content in the form of the three Dal\u00ed museums and the programme of activities to commemorate the centennial of Salvador Dal\u00ed\u2019s birth.<\/p>\n<p>The Tim\u00f3 d\u2019Argent (\u201cSilver Rudder\u201d) awards went to Angelo Corvitto for his contribution to gastronomy, to the tour operator Inntravel, to Hostal Barn\u00e9s for its professional career and to the La Riera restaurant in Sant Mart\u00ed Vell. The Cooperative 2004 award went to Seremex. Finally, tourism-quality diplomas were awarded to the Parador d\u2019Aiguablava inn, to Silken Park Hotel San Jorge in Platja d\u2019Aro, to Hotel Terramar in Llafranc, to Hotel La Perla in Olot and to Hotel La Costa in Pals.<\/p>\n<p>The event was attended (from left to right in the photo) by the Chairman of the Costa Brava Girona Tourism Board, Ramon Ramos, the Chairman of the Costa Brava Centre Union of Hotel and Tourism Companies, Josep M. Casellas, the Chairman of the Costa Brava Centre cooperative, Jaume Vidal, the Minister for Town and Country Planning and Public Works of the Government of Catalonia, Joaquim Nadal, and the Chairman of Costa Brava Verd Hotels, Josep M. de Veh\u00ed.<\/p>\n","protected":false},"excerpt":{"rendered":"<p>Llu\u00eds Pe\u00f1uelas, General Secretary of the Dal\u00ed Foundation, collected the Tim\u00f3 d\u2019Or (\u201cGold Rudder\u201d) prize from the hands of Josep M. Casellas at the 24th edition of the Costa Brava Centre Union of Hotel and Tourism Companies\u2019 annual celebration. The price was awarded for the Foundation\u2019s contribution to the tourist destination\u2019s cultural content in the [&hellip;]<\/p>\n","protected":false},"featured_media":3859,"menu_order":0,"template":"","format":"standard","meta":{"_acf_changed":false,"_coblocks_attr":"","_coblocks_dimensions":"","_coblocks_responsive_height":"","_coblocks_accordion_ie_support":""},"categoria-actualitat":[102],"class_list":["post-9642","noticia","type-noticia","status-publish","format-standard","has-post-thumbnail","hentry","categoria-actualitat-dali-year"],"acf":[],"_links":{"self":[{"href":"https:\/\/webdali.latempesta.eu\/en\/wp-json\/wp\/v2\/noticia\/9642","targetHints":{"allow":["GET"]}}],"collection":[{"href":"https:\/\/webdali.latempesta.eu\/en\/wp-json\/wp\/v2\/noticia"}],"about":[{"href":"https:\/\/webdali.latempesta.eu\/en\/wp-json\/wp\/v2\/types\/noticia"}],"wp:featuredmedia":[{"embeddable":true,"href":"https:\/\/webdali.latempesta.eu\/en\/wp-json\/wp\/v2\/media\/3859"}],"wp:attachment":[{"href":"https:\/\/webdali.latempesta.eu\/en\/wp-json\/wp\/v2\/media?parent=9642"}],"wp:term":[{"taxonomy":"categoria-actualitat","embeddable":true,"href":"https:\/\/webdali.latempesta.eu\/en\/wp-json\/wp\/v2\/categoria-actualitat?post=9642"}],"curies":[{"name":"wp","href":"https:\/\/api.w.org\/{rel}","templated":true}]}}