{"id":9663,"date":"2004-06-25T00:00:00","date_gmt":"2004-06-24T22:00:00","guid":{"rendered":"https:\/\/webdali.latempesta.eu\/fundacio-dali\/noticia\/la-diputacio-de-girona-es-converteix-en-entitat-col-laboradora-de-l-any-dali\/"},"modified":"2025-06-26T10:20:21","modified_gmt":"2025-06-26T08:20:21","slug":"provincial-council-the-girona-becomes-a-collaborating-organisation-for-the-dali-year","status":"publish","type":"noticia","link":"https:\/\/webdali.latempesta.eu\/en\/dali-foundation\/news\/provincial-council-the-girona-becomes-a-collaborating-organisation-for-the-dali-year\/","title":{"rendered":"Provincial Council the Girona becomes a Collaborating Organisation for the Dal\u00ed Year"},"content":{"rendered":"<p>Today, the President of the Girona Provincial Council, Carles P\u00e1ramo, and the Chairman of the Gala-Salvador Dal\u00ed Foundation, Ramon Boixad\u00f3s, signed an agreement by means of which the Provincial Council becomes a Collaborating Organisation for the Dal\u00ed Year.<\/p>\n<p>This collaboration will consist of the sponsorship of the exhibition of original drawings with which Dal\u00ed illustrated his autobiography Secret Life. The drawings will be exhibited at the end of July in the Dal\u00ed Theatre-Museum in Figueres. The event took place in the Loggias Room of the Dal\u00ed Theatre-Museum. The Vice-President of the Provincial Council and Deputy for Culture, Enric Vilert, and the Director of the Centre for Dalinian Studies and commissioner of the Dal\u00ed Centenary, Montse Aguer, were also present.<\/p>\n","protected":false},"excerpt":{"rendered":"<p>Today, the President of the Girona Provincial Council, Carles P\u00e1ramo, and the Chairman of the Gala-Salvador Dal\u00ed Foundation, Ramon Boixad\u00f3s, signed an agreement by means of which the Provincial Council becomes a Collaborating Organisation for the Dal\u00ed Year. This collaboration will consist of the sponsorship of the exhibition of original drawings with which Dal\u00ed illustrated [&hellip;]<\/p>\n","protected":false},"featured_media":4090,"menu_order":0,"template":"","format":"standard","meta":{"_acf_changed":false,"_coblocks_attr":"","_coblocks_dimensions":"","_coblocks_responsive_height":"","_coblocks_accordion_ie_support":""},"categoria-actualitat":[102],"class_list":["post-9663","noticia","type-noticia","status-publish","format-standard","has-post-thumbnail","hentry","categoria-actualitat-dali-year"],"acf":[],"_links":{"self":[{"href":"https:\/\/webdali.latempesta.eu\/en\/wp-json\/wp\/v2\/noticia\/9663","targetHints":{"allow":["GET"]}}],"collection":[{"href":"https:\/\/webdali.latempesta.eu\/en\/wp-json\/wp\/v2\/noticia"}],"about":[{"href":"https:\/\/webdali.latempesta.eu\/en\/wp-json\/wp\/v2\/types\/noticia"}],"wp:featuredmedia":[{"embeddable":true,"href":"https:\/\/webdali.latempesta.eu\/en\/wp-json\/wp\/v2\/media\/4090"}],"wp:attachment":[{"href":"https:\/\/webdali.latempesta.eu\/en\/wp-json\/wp\/v2\/media?parent=9663"}],"wp:term":[{"taxonomy":"categoria-actualitat","embeddable":true,"href":"https:\/\/webdali.latempesta.eu\/en\/wp-json\/wp\/v2\/categoria-actualitat?post=9663"}],"curies":[{"name":"wp","href":"https:\/\/api.w.org\/{rel}","templated":true}]}}