{"id":9702,"date":"2003-12-01T00:00:00","date_gmt":"2003-11-30T22:00:00","guid":{"rendered":"https:\/\/webdali.latempesta.eu\/fundacio-dali\/noticia\/presentacio-de-la-campanya-art-i-gastronomia-dali-2004-sota-la-cupula-del-teatre-museu-dali\/"},"modified":"2025-06-26T10:20:22","modified_gmt":"2025-06-26T08:20:22","slug":"presentation-of-the-dali-2004-art-and-gastronomy-campaign-under-the-dali-theatre-museum-s-dome","status":"publish","type":"noticia","link":"https:\/\/webdali.latempesta.eu\/en\/dali-foundation\/news\/presentation-of-the-dali-2004-art-and-gastronomy-campaign-under-the-dali-theatre-museum-s-dome\/","title":{"rendered":"Presentation of the Dal\u00ed 2004-Art and Gastronomy Campaign under the Dal\u00ed Theatre-Museum&#8217;s dome"},"content":{"rendered":"<p>Mr Ramon Boixad\u00f3s, President of the Gala-Salvador Dal\u00ed Foundation and of the Executive Committee for Dal\u00ed Year, Mrs Montse Aguer, Director of the Centre for Dalinian Studies and Commissioner of Dal\u00ed Year, Mrs Nat\u00e0lia Molero on behalf of the Department of Culture of the Government of Catalonia and of Turisme de Catalunya, Mr Ramon Ramos, Chairman of the Costa Brava Girona Tourism Board, Mr Toni Izquierdo, Chairman of La Cuina de l&#8217;Empordanet members&#8217; group, and Ms Rosa Bel, campaign coordinator, presided over the official presentation of Dal\u00ed 2004 Art and Gastronomy.<\/p>\n<p>The objective of this restauranteering initiative is to render homage to the Empord\u00e0 artist on the centenary of his birth by means of an entirely novel combination of gastronomy and Empord\u00e0 fast decision-making. The ingredient common to all the recipes is the egg, one of Salvador Dal\u00ed&#8217;s most representative icons but also one that gives cooks a chance to express their own particular way of understanding and perceiving Salvador Dal\u00ed&#8217;s personality and oeuvre. The campaign was presented by Rosa Bel and has a Web page of its own at www.art-gastronomia.com where visitors can find all the establishments forming part of the La Cuina de l&#8217;Empordanet group, which now extends beyond Alt Empord\u00e0 and Baix Empord\u00e0 regions. They are as follows: Aiguablava and Sa Punta in Begur, Almadraba Park, La Llar and El Bulli in Roses, Aradi in Platja d&#8217;Aro, Can Duran and Hotel Empord\u00e0 in Figueres (the latter also being a collaborator in Dal\u00ed Year), Can Salvi in St. Feliu de Gu\u00edxols, Cal Sagrist\u00e0, Hotel Golf Peralada and Casino Castell de Peralada in Peralada (Grup Peralada is a member of the Dal\u00ed Year Promotion Council), El Celler de la Planassa, La Gamba and Mas dels Arcs in Palam\u00f3s, El Celler de Can Roca in Girona, El Mol\u00ed de l&#8217;Escala and El Roser 2 in L&#8217;Escala, Els Tinars de Llagostera, La Costa and Mas Roig in Pals, La C\u00fapula in Vila-sacra, La Pla\u00e7a in Madremanya, La Xicra in Palafrugell, Les Cols in Olot, Les Panolles in Santa Cristina d&#8217;Aro, Llevant in Llafranc, Mar Joli in Navata, Mas de Torrent in Torrent, Mas Pau in Avinyonet de Puigvent\u00f3s and Miramar in Llan\u00e7\u00e0.<\/p>\n<p>Thanks to the collaboration of the Dal\u00ed Foundation, the Art and Gastronomy campaign offers the establishments&#8217; clients an opportunity to visit the Dal\u00ed museums under special conditions in the form of a cultural and gastronomic weekend package. The participating restaurants will be showing works dedicated to Salvador Dal\u00ed by local artists. There are painters such as Antoni Pitxot, Josep Niebla, Modest Cuixart, Leonard Beard, Carme Sanglas, Gino Rubert, Guerrero Medina, Roca Sans, Gustau Carb\u00f3, Jordi S\u00e0bat, Santiago Roca D. Costa, photographers such as Torner, Ban\u00fas, Toti Mestres, Capell\u00e0, Humberto Ribas, Joan Comalat, Carrera, and sculptors such as Ans\u00f3n, Alzamora, Udaeta, Manel \u00c1lvarez, Narc\u00eds Costa, Claude Lambert, Dom\u00e8nec Fita and Torres Mons\u00f3. All campaign promotion materials will bear the Dal\u00ed Year logotype.<\/p>\n<p>The idea of the group goes back to September 2002, when each of the 17 restaurants then forming part of the group made a recipe in which eggs were the main ingredient, and they served it on a dish expressly designed for the occasion, also taking the egg as main motif. The campaign, already called Art and Gastronomy back then, was presented at the Gala Dal\u00ed Castle House-Museum in P\u00fabol. Furthermore, a precedent for a homage such as today&#8217;s is to be found in the campaign Pla, Plat a Plat [Pla, Dish by Dish] on the occasion of Pla Year, held to honour the well-known writer Josep Pla, an initiative rated as highly successful.<\/p>\n","protected":false},"excerpt":{"rendered":"<p>Mr Ramon Boixad\u00f3s, President of the Gala-Salvador Dal\u00ed Foundation and of the Executive Committee for Dal\u00ed Year, Mrs Montse Aguer, Director of the Centre for Dalinian Studies and Commissioner of Dal\u00ed Year, Mrs Nat\u00e0lia Molero on behalf of the Department of Culture of the Government of Catalonia and of Turisme de Catalunya, Mr Ramon Ramos, [&hellip;]<\/p>\n","protected":false},"featured_media":4034,"menu_order":0,"template":"","format":"standard","meta":{"_acf_changed":false,"_coblocks_attr":"","_coblocks_dimensions":"","_coblocks_responsive_height":"","_coblocks_accordion_ie_support":""},"categoria-actualitat":[102],"class_list":["post-9702","noticia","type-noticia","status-publish","format-standard","has-post-thumbnail","hentry","categoria-actualitat-dali-year"],"acf":[],"_links":{"self":[{"href":"https:\/\/webdali.latempesta.eu\/en\/wp-json\/wp\/v2\/noticia\/9702","targetHints":{"allow":["GET"]}}],"collection":[{"href":"https:\/\/webdali.latempesta.eu\/en\/wp-json\/wp\/v2\/noticia"}],"about":[{"href":"https:\/\/webdali.latempesta.eu\/en\/wp-json\/wp\/v2\/types\/noticia"}],"wp:featuredmedia":[{"embeddable":true,"href":"https:\/\/webdali.latempesta.eu\/en\/wp-json\/wp\/v2\/media\/4034"}],"wp:attachment":[{"href":"https:\/\/webdali.latempesta.eu\/en\/wp-json\/wp\/v2\/media?parent=9702"}],"wp:term":[{"taxonomy":"categoria-actualitat","embeddable":true,"href":"https:\/\/webdali.latempesta.eu\/en\/wp-json\/wp\/v2\/categoria-actualitat?post=9702"}],"curies":[{"name":"wp","href":"https:\/\/api.w.org\/{rel}","templated":true}]}}