{"id":9723,"date":"2003-07-23T00:00:00","date_gmt":"2003-07-22T22:00:00","guid":{"rendered":"https:\/\/webdali.latempesta.eu\/fundacio-dali\/noticia\/la-corporacio-catalana-de-radio-i-televisio-ccrtv-es-converteix-en-entitat-col-laboradora-de-l-any-dali-2004\/"},"modified":"2025-06-26T10:20:23","modified_gmt":"2025-06-26T08:20:23","slug":"corporacio-catalana-de-radio-i-televisio-ccrtv-becomes-a-collaborating-entity-for-dali-year-2004","status":"publish","type":"noticia","link":"https:\/\/webdali.latempesta.eu\/en\/dali-foundation\/news\/corporacio-catalana-de-radio-i-televisio-ccrtv-becomes-a-collaborating-entity-for-dali-year-2004\/","title":{"rendered":"Corporaci\u00f3 Catalana de R\u00e0dio i Televisi\u00f3 (CCRTV) becomes a collaborating entity for Dal\u00ed Year 2004"},"content":{"rendered":"<p>The director-general of Corporaci\u00f3 Catalana de R\u00e0dio i Televisi\u00f3 (CCRTV: Catalan Radio and Television Corporation), Vicen\u00e7 Villatoro, and the chairman of the Fundaci\u00f3 Gala-Salvador Dal\u00ed, Ramon Boixad\u00f3s, have signed a membership document by which the Corporation becomes a Collaborating Entity for Dal\u00ed Year 2004. The document was signed at the Hotel Empord\u00e0 in Figueres, the hotel being another of the centenary collaborating entities.<\/p>\n<p>Under this agreement, the CCRTV undertakes to lend support to broadcasting of the centenary inaugural events and celebrations and to play a part in promoting the activities forming part of Dal\u00ed Year 2004. In recognition of this contribution, the Fundaci\u00f3 Gala-Salvador Dal\u00ed will allow CCRTV to use the official logo of the year in any advertising it deems pertinent, in accordance with the guidelines laid down by the Foundation.<\/p>\n","protected":false},"excerpt":{"rendered":"<p>The director-general of Corporaci\u00f3 Catalana de R\u00e0dio i Televisi\u00f3 (CCRTV: Catalan Radio and Television Corporation), Vicen\u00e7 Villatoro, and the chairman of the Fundaci\u00f3 Gala-Salvador Dal\u00ed, Ramon Boixad\u00f3s, have signed a membership document by which the Corporation becomes a Collaborating Entity for Dal\u00ed Year 2004. The document was signed at the Hotel Empord\u00e0 in Figueres, the [&hellip;]<\/p>\n","protected":false},"featured_media":4009,"menu_order":0,"template":"","format":"standard","meta":{"_acf_changed":false,"_coblocks_attr":"","_coblocks_dimensions":"","_coblocks_responsive_height":"","_coblocks_accordion_ie_support":""},"categoria-actualitat":[102],"class_list":["post-9723","noticia","type-noticia","status-publish","format-standard","has-post-thumbnail","hentry","categoria-actualitat-dali-year"],"acf":[],"_links":{"self":[{"href":"https:\/\/webdali.latempesta.eu\/en\/wp-json\/wp\/v2\/noticia\/9723","targetHints":{"allow":["GET"]}}],"collection":[{"href":"https:\/\/webdali.latempesta.eu\/en\/wp-json\/wp\/v2\/noticia"}],"about":[{"href":"https:\/\/webdali.latempesta.eu\/en\/wp-json\/wp\/v2\/types\/noticia"}],"wp:featuredmedia":[{"embeddable":true,"href":"https:\/\/webdali.latempesta.eu\/en\/wp-json\/wp\/v2\/media\/4009"}],"wp:attachment":[{"href":"https:\/\/webdali.latempesta.eu\/en\/wp-json\/wp\/v2\/media?parent=9723"}],"wp:term":[{"taxonomy":"categoria-actualitat","embeddable":true,"href":"https:\/\/webdali.latempesta.eu\/en\/wp-json\/wp\/v2\/categoria-actualitat?post=9723"}],"curies":[{"name":"wp","href":"https:\/\/api.w.org\/{rel}","templated":true}]}}