{"id":9744,"date":"2003-04-22T00:00:00","date_gmt":"2003-04-21T22:00:00","guid":{"rendered":"https:\/\/webdali.latempesta.eu\/fundacio-dali\/noticia\/el-consell-promotor-de-l-any-dali-incorpora-rtve\/"},"modified":"2025-06-26T10:20:23","modified_gmt":"2025-06-26T08:20:23","slug":"the-dali-year-promotion-committee-is-joined-by-rtve","status":"publish","type":"noticia","link":"https:\/\/webdali.latempesta.eu\/en\/dali-foundation\/news\/the-dali-year-promotion-committee-is-joined-by-rtve\/","title":{"rendered":"The Dal\u00ed Year Promotion Committee is joined by RTVE"},"content":{"rendered":"<p>The broadcasting group Radio Televisi\u00f3n Espa\u00f1ola (RTVE) was the second member to join the Dal\u00ed Year Promotion Committee. The protocol was signed at the Dal\u00ed Theatre-Museum in Figueres by the chairman of the Gala-Salvador Dal\u00ed Foundation, Ramon Boixad\u00f3s, and the general manager of RTVE, Jos\u00e9 Antonio S\u00e1nchez, accompanied by the co-ordinator of the Dal\u00ed Year, Montse Aguer, and the director of RTVE in Catalonia, Ramon Font.<\/p>\n<p>The collaboration will mainly involve dissemination of Salvador Dal\u00ed\u2019s life and work through the broadcasting of 500 audiovisual items from the RTVE archives and of the events to be organised next year for celebration of the centenary of the Figueres artist\u2019s birth.<\/p>\n<p>The various RTVE stations will allow the materials to be shown in Catalonia, Spain and internationally. Under the agreement, the state broadcasting company will be collaborating in the Dal\u00ed Year through news programmes, its scheduled programming and various special reports.<\/p>\n","protected":false},"excerpt":{"rendered":"<p>The broadcasting group Radio Televisi\u00f3n Espa\u00f1ola (RTVE) was the second member to join the Dal\u00ed Year Promotion Committee. The protocol was signed at the Dal\u00ed Theatre-Museum in Figueres by the chairman of the Gala-Salvador Dal\u00ed Foundation, Ramon Boixad\u00f3s, and the general manager of RTVE, Jos\u00e9 Antonio S\u00e1nchez, accompanied by the co-ordinator of the Dal\u00ed Year, [&hellip;]<\/p>\n","protected":false},"featured_media":3974,"menu_order":0,"template":"","format":"standard","meta":{"_acf_changed":false,"_coblocks_attr":"","_coblocks_dimensions":"","_coblocks_responsive_height":"","_coblocks_accordion_ie_support":""},"categoria-actualitat":[102],"class_list":["post-9744","noticia","type-noticia","status-publish","format-standard","has-post-thumbnail","hentry","categoria-actualitat-dali-year"],"acf":[],"_links":{"self":[{"href":"https:\/\/webdali.latempesta.eu\/en\/wp-json\/wp\/v2\/noticia\/9744","targetHints":{"allow":["GET"]}}],"collection":[{"href":"https:\/\/webdali.latempesta.eu\/en\/wp-json\/wp\/v2\/noticia"}],"about":[{"href":"https:\/\/webdali.latempesta.eu\/en\/wp-json\/wp\/v2\/types\/noticia"}],"wp:featuredmedia":[{"embeddable":true,"href":"https:\/\/webdali.latempesta.eu\/en\/wp-json\/wp\/v2\/media\/3974"}],"wp:attachment":[{"href":"https:\/\/webdali.latempesta.eu\/en\/wp-json\/wp\/v2\/media?parent=9744"}],"wp:term":[{"taxonomy":"categoria-actualitat","embeddable":true,"href":"https:\/\/webdali.latempesta.eu\/en\/wp-json\/wp\/v2\/categoria-actualitat?post=9744"}],"curies":[{"name":"wp","href":"https:\/\/api.w.org\/{rel}","templated":true}]}}