{"id":8627,"date":"2022-05-10T00:00:00","date_gmt":"2022-05-09T22:00:00","guid":{"rendered":"https:\/\/webdali.latempesta.eu\/fundacio-dali\/noticia\/la-fundacio-dali-encara-la-recuperacio\/"},"modified":"2025-06-26T10:11:21","modified_gmt":"2025-06-26T08:11:21","slug":"la-fundacion-dali-encara-la-recuperacion","status":"publish","type":"noticia","link":"https:\/\/webdali.latempesta.eu\/es\/fundacion-dali\/noticia\/la-fundacion-dali-encara-la-recuperacion\/","title":{"rendered":"La Fundaci\u00f3n Dal\u00ed encara la recuperaci\u00f3n"},"content":{"rendered":"<p>La\u00a0Fundaci\u00f3 Gala-Salvador Dal\u00ed recibe\u00a0el\u00a060% de los visitantes que\u00a0ten\u00eda antes de la pandemia y encara la recuperaci\u00f3n.<\/p>\n<p>El Presidente Jordi Mercader ha anunciado nuevas incorporaciones al equipo de la Fundaci\u00f3n.<\/p>\n<p>Durante el primer trimestre de 2022, 76.030 personas han visitado los tres museos de la Fundaci\u00f3 Gala-Salvador Dal\u00ed (Figueres, Portlligat y P\u00fabol). Ello supone el 60% de los que recibi\u00f3 antes de la pandemia durante el mismo per\u00edodo (enero-marzo 2019). Se confirma una tendencia que le permite encarar con confianza la recuperaci\u00f3n, seg\u00fan ha anunciado la instituci\u00f3n, al t\u00e9rmino de la reuni\u00f3n del Patronato que se ha celebrado esta ma\u00f1ana en Figueres.<\/p>\n<p>Esta recuperaci\u00f3n se expresa tambi\u00e9n en los resultados del ejercicio 2021, que arrojan un excedente de 821.000 euros, mientras que los de 2020 registraron p\u00e9rdidas de m\u00e1s de 3 millones de euros. Estos resultados son la consecuencia, entre otras medidas, de una reducci\u00f3n dr\u00e1stica de los gastos que han pasado de 12.329.000 euros, en 2019, a 6.766.000 euros en 2021.<\/p>\n<p>La Fundaci\u00f3n Dal\u00ed subraya el impacto positivo que ha tenido la implementaci\u00f3n de una pol\u00edtica rigurosa mediante la mejora en la asignaci\u00f3n del esfuerzo interno y el control del gasto, sin perjuicio del mantenimiento e inversiones en los tres museos durante los \u00faltimos a\u00f1os. La fortaleza econ\u00f3mica de la Fundaci\u00f3n es la mejor garant\u00eda para preservar la independencia de la instituci\u00f3n y para conseguir unos excedentes que le permitan llevar a cabo, en los pr\u00f3ximos a\u00f1os, ambiciosos programas art\u00edsticos y culturales.<\/p>\n<p>La Fundaci\u00f3n ha valorado la corresponsabilidad y el esfuerzo del personal, as\u00ed como las renuncias salariales de sus directivos, y ha reconocido a la plantilla su decisiva contribuci\u00f3n a la superaci\u00f3n de las dificultades que supuso la crisis de la pandemia.<\/p>\n<p>Por otra parte, la Fundaci\u00f3n ha llevado a cabo una reorganizaci\u00f3n interna destinada a mejorar su funcionamiento, as\u00ed como la eficacia de sus equipos. Como parte de esta reforma han sido nombrados F\u00e8lix Roca director general, Leonora Aixas directora comercial y Carme Ruiz subdirectora de exposiciones y colecciones.<\/p>\n<p>El Patronato de la Fundaci\u00f3 Gala-Salvador Dal\u00ed ha destacado la voluntad de desarrollar el sistema de Gobernanza aprobado recientemente para cumplir con los objetivos de transparencia y rendici\u00f3n de cuentas. En ese sentido, la Fundaci\u00f3n incorporar\u00e1 pr\u00f3ximamente su informe de Gobierno Corporativo a la web institucional, junto con las cuentas del a\u00f1o 2021.<\/p>\n<p>La recuperaci\u00f3n del n\u00famero de visitantes y los logros econ\u00f3micos alcanzados deben permitir una plena recuperaci\u00f3n de los programas de la Fundaci\u00f3n el pr\u00f3ximo a\u00f1o 2023, tanto en lo que se refiere a la gesti\u00f3n de los tres museos, como a la celebraci\u00f3n de exposiciones internacionales, tradicionales e inmersivas, y la pol\u00edtica de conservaci\u00f3n y protecci\u00f3n de la obra daliniana.<\/p>\n<p>En la nueva etapa destaca tambi\u00e9n la presentaci\u00f3n, ante la Comisi\u00f3n Europea, del programa Europa Creativa por parte de un consorcio internacional liderado por la Fundaci\u00f3n Dal\u00ed e integrado por el Museo Rodin y el bufete de abogados italianos CBN &amp; Partners, de Mil\u00e1n, y que cuenta, como asociados, con el Museo Reina Sof\u00eda de Madrid y la Fundaci\u00f3n Henry Moore de Leeds. El programa, destinado a crear est\u00e1ndares internacionales para el estudio y la gesti\u00f3n de la obra escult\u00f3rica mediante la tecnolog\u00eda blockchain, es de particular importancia para la defensa de la obra tridimensional de Dal\u00ed, uno de los objetivos de la Fundaci\u00f3n.<\/p>\n<p>Por otra parte, la exposici\u00f3n de la obra <a href=\"\/es\/obra\/catalogo-razonado-pinturas\/obra\/667\/el-cristo\"><em>El Cristo<\/em><\/a>, que se exhibe de modo permanente en el museo Kelvingrove de Glasgow, y que fue aplazada debido a la pandemia, se inaugurar\u00e1 el oto\u00f1o de 2023 en el Teatro-Museo Dal\u00ed de Figueres. La muestra ir\u00e1 acompa\u00f1ada de un trabajo exhaustivo del Centro de Estudios Dalinianos y del Departamento de Conservaci\u00f3n y Restauraci\u00f3n, as\u00ed como de un cat\u00e1logo.<\/p>\n<p>La Fundaci\u00f3n ha agradecido al Gobierno de Espa\u00f1a, la Generalitat de Catalunya, el Ayuntamiento de Figueres y la Diputaci\u00f3n de Girona el apoyo que le han brindado en los \u00faltimos a\u00f1os.<\/p>\n","protected":false},"excerpt":{"rendered":"<p>La\u00a0Fundaci\u00f3 Gala-Salvador Dal\u00ed recibe\u00a0el\u00a060% de los visitantes que\u00a0ten\u00eda antes de la pandemia y encara la recuperaci\u00f3n. El Presidente Jordi Mercader ha anunciado nuevas incorporaciones al equipo de la Fundaci\u00f3n. Durante el primer trimestre de 2022, 76.030 personas han visitado los tres museos de la Fundaci\u00f3 Gala-Salvador Dal\u00ed (Figueres, Portlligat y P\u00fabol). Ello supone el 60% [&hellip;]<\/p>\n","protected":false},"featured_media":5702,"menu_order":0,"template":"","format":"standard","meta":{"_acf_changed":false,"_coblocks_attr":"","_coblocks_dimensions":"","_coblocks_responsive_height":"","_coblocks_accordion_ie_support":""},"categoria-actualitat":[118,120],"class_list":["post-8627","noticia","type-noticia","status-publish","format-standard","has-post-thumbnail","hentry","categoria-actualitat-fundacion-gala-salvador-dali","categoria-actualitat-publicaciones"],"acf":[],"_links":{"self":[{"href":"https:\/\/webdali.latempesta.eu\/es\/wp-json\/wp\/v2\/noticia\/8627","targetHints":{"allow":["GET"]}}],"collection":[{"href":"https:\/\/webdali.latempesta.eu\/es\/wp-json\/wp\/v2\/noticia"}],"about":[{"href":"https:\/\/webdali.latempesta.eu\/es\/wp-json\/wp\/v2\/types\/noticia"}],"wp:featuredmedia":[{"embeddable":true,"href":"https:\/\/webdali.latempesta.eu\/es\/wp-json\/wp\/v2\/media\/5702"}],"wp:attachment":[{"href":"https:\/\/webdali.latempesta.eu\/es\/wp-json\/wp\/v2\/media?parent=8627"}],"wp:term":[{"taxonomy":"categoria-actualitat","embeddable":true,"href":"https:\/\/webdali.latempesta.eu\/es\/wp-json\/wp\/v2\/categoria-actualitat?post=8627"}],"curies":[{"name":"wp","href":"https:\/\/api.w.org\/{rel}","templated":true}]}}