{"id":8657,"date":"2021-11-23T00:00:00","date_gmt":"2021-11-22T22:00:00","guid":{"rendered":"https:\/\/webdali.latempesta.eu\/fundacio-dali\/noticia\/avicom-premia-amb-l-or-el-documentals-dels-anys-joves-de-dali\/"},"modified":"2025-06-26T10:11:21","modified_gmt":"2025-06-26T08:11:21","slug":"avicom-premia-con-el-oro-el-documentals-de-los-anos-jovenes-de-dali","status":"publish","type":"noticia","link":"https:\/\/webdali.latempesta.eu\/es\/fundacion-dali\/noticia\/avicom-premia-con-el-oro-el-documentals-de-los-anos-jovenes-de-dali\/","title":{"rendered":"AVICOM premia con el Oro el documentals de los a\u00f1os j\u00f3venes de Dal\u00ed"},"content":{"rendered":"<p>El documental <strong><em>Salvador Dal\u00ed. Diarios de Juventud. 1904-1929<\/em><\/strong>, producido por la Fundaci\u00f3 Gala-Salvador Dal\u00ed,\u00a0realizado por DocDoc Films y dirigido por David Pujol, ha sido galardonado con el prestigioso <em>Medium-length Film Gold <\/em>(Premio de Oro en la categor\u00eda de mediometraje) en la edici\u00f3n 2020 del F@IMP Festival (Festival of Audiovisual International Multimedia Patrimony) organizado por AVICOM, la secci\u00f3n audiovisual del ICOM. La ceremonia de entrega de premios se hab\u00eda pospuesto a causa de la pandemia. Finalmente se pudo celebrar esta noche en formato h\u00edbrido presencial y telem\u00e1tico desde el Museo Nacional H\u00fangaro, en Budapest.\u00a0El documental\u00a0abarca desde el nacimiento de Salvador Dal\u00ed, en 1904, hasta el 1929, cuando Figueres, Barcelona, Madrid y Par\u00eds se convierten en las geograf\u00edas y las escenograf\u00edas del genio ampurdan\u00e9s.<\/p>\n<p>El hilo argumental del documental se basa en la autobiograf\u00eda <em>La Vida Secreta de Salvador Dal\u00ed<\/em>. Mostrando documentaci\u00f3n profusa sobre Dal\u00ed y su obra, alguna de la cual in\u00e9dita, explica aspectos claves del joven pintor: su infancia,\u00a0marcada por el fallecimiento de su hermano, los primeros estudios de arte en Figueres, su estancia en la Residencia de Estudiantes, en Madrid, donde conocer\u00e1 a Federico Garc\u00eda Lorca y a Luis Bu\u00f1uel, y el viaje a Par\u00eds que le permitir\u00e1 establecer contactos con artistas como Mir\u00f3, Picasso y los componentes del grupo surrealista. Describe su evoluci\u00f3n art\u00edstica, que se mueve entre vanguardia y tradici\u00f3n, y la evoluci\u00f3n de una obra que se ha convertido en universal. As\u00ed mismo permite identificar el origen de la iconograf\u00eda daliniana. El documental incluye numerosos documentos audiovisuales y fotogr\u00e1ficos tanto p\u00fablicos como privados.<\/p>\n<p>Aqu\u00ed pod\u00e9is visionar el <a href=\"https:\/\/www.youtube.com\/watch?v=fW0qYNJ-BhU\">tr\u00e1iler<\/a>.<\/p>\n<p>Puede visionarse este documental en una <a href=\"https:\/\/vimeo.com\/ondemand\/daliinmortal\">plataforma <\/a>de v\u00eddeo <em>on-demand<\/em> que muestra contenidos audiovisuales previo pago. Concretamente ofrece tres horas de documentales sobre Salvador Dal\u00ed en catal\u00e1n, castellano, franc\u00e9s e ingl\u00e9s. Esta plataforma se cre\u00f3 con el objetivo de ofrecer a un p\u00fablico global la trilog\u00eda de documentales producidos por la Fundaci\u00f3 Gala-Salvador Dal\u00ed. Con el t\u00edtulo de <em>Salvador Dal\u00ed, en b\u00fasqueda de la inmortalidad <\/em>es, hasta hoy, el retrato m\u00e1s exhaustivo de su vida y obra en formato audiovisual.<\/p>\n","protected":false},"excerpt":{"rendered":"<p>El documental Salvador Dal\u00ed. Diarios de Juventud. 1904-1929, producido por la Fundaci\u00f3 Gala-Salvador Dal\u00ed,\u00a0realizado por DocDoc Films y dirigido por David Pujol, ha sido galardonado con el prestigioso Medium-length Film Gold (Premio de Oro en la categor\u00eda de mediometraje) en la edici\u00f3n 2020 del F@IMP Festival (Festival of Audiovisual International Multimedia Patrimony) organizado por AVICOM, [&hellip;]<\/p>\n","protected":false},"featured_media":5655,"menu_order":0,"template":"","format":"standard","meta":{"_acf_changed":false,"_coblocks_attr":"","_coblocks_dimensions":"","_coblocks_responsive_height":"","_coblocks_accordion_ie_support":""},"categoria-actualitat":[],"class_list":["post-8657","noticia","type-noticia","status-publish","format-standard","has-post-thumbnail","hentry"],"acf":[],"_links":{"self":[{"href":"https:\/\/webdali.latempesta.eu\/es\/wp-json\/wp\/v2\/noticia\/8657","targetHints":{"allow":["GET"]}}],"collection":[{"href":"https:\/\/webdali.latempesta.eu\/es\/wp-json\/wp\/v2\/noticia"}],"about":[{"href":"https:\/\/webdali.latempesta.eu\/es\/wp-json\/wp\/v2\/types\/noticia"}],"wp:featuredmedia":[{"embeddable":true,"href":"https:\/\/webdali.latempesta.eu\/es\/wp-json\/wp\/v2\/media\/5655"}],"wp:attachment":[{"href":"https:\/\/webdali.latempesta.eu\/es\/wp-json\/wp\/v2\/media?parent=8657"}],"wp:term":[{"taxonomy":"categoria-actualitat","embeddable":true,"href":"https:\/\/webdali.latempesta.eu\/es\/wp-json\/wp\/v2\/categoria-actualitat?post=8657"}],"curies":[{"name":"wp","href":"https:\/\/api.w.org\/{rel}","templated":true}]}}