{"id":8738,"date":"2019-04-08T00:00:00","date_gmt":"2019-04-07T22:00:00","guid":{"rendered":"https:\/\/webdali.latempesta.eu\/fundacio-dali\/noticia\/la-fundacio-presenta-el-primer-tram-del-cataleg-raonat-d-escultures\/"},"modified":"2025-06-26T10:11:22","modified_gmt":"2025-06-26T08:11:22","slug":"la-fundacion-presenta-el-primer-tramo-del-catalogo-razonado-de-esculturas","status":"publish","type":"noticia","link":"https:\/\/webdali.latempesta.eu\/es\/fundacion-dali\/noticia\/la-fundacion-presenta-el-primer-tramo-del-catalogo-razonado-de-esculturas\/","title":{"rendered":"La Fundaci\u00f3n presenta el primer tramo del Cat\u00e1logo Razonado de Esculturas"},"content":{"rendered":"<p>Hoy a las 11h en la Sala Gaud\u00ed de La Pedrera, Barcelona, se ha presentado el primer tramo del Cat\u00e1logo Razonado de Escultura y<br \/>\nObra tridimensional de Salvador Dal\u00ed. Al acto han participado Jordi Mercader, presidente de la Fundaci\u00f3n Dal\u00ed, Montse Aguer, directora de los Museos Dal\u00ed, Laura<br \/>\nBartolom\u00e9, curadora de la Fundaci\u00f3n Dal\u00ed, y Clara Silvestre, coordinadora del Centro de Estudios Dalinianos.<\/p>\n<p>\nSe trata de un cat\u00e1logo de atribuci\u00f3n que incluye 34 obras originales de Dal\u00ed de los a\u00f1os 1931-1936, algunas de las cuales pueden considerarse in\u00e9ditas. Este conjunto de obras perfila un primer itinerario de la obra escult\u00f3rica de Dal\u00ed, que se contextualiza dentro del per\u00edodo surrealista.<\/p>\n","protected":false},"excerpt":{"rendered":"<p>Hoy a las 11h en la Sala Gaud\u00ed de La Pedrera, Barcelona, se ha presentado el primer tramo del Cat\u00e1logo Razonado de Escultura y Obra tridimensional de Salvador Dal\u00ed. Al acto han participado Jordi Mercader, presidente de la Fundaci\u00f3n Dal\u00ed, Montse Aguer, directora de los Museos Dal\u00ed, Laura Bartolom\u00e9, curadora de la Fundaci\u00f3n Dal\u00ed, y [&hellip;]<\/p>\n","protected":false},"featured_media":5517,"menu_order":0,"template":"","format":"standard","meta":{"_acf_changed":false,"_coblocks_attr":"","_coblocks_dimensions":"","_coblocks_responsive_height":"","_coblocks_accordion_ie_support":""},"categoria-actualitat":[118,120],"class_list":["post-8738","noticia","type-noticia","status-publish","format-standard","has-post-thumbnail","hentry","categoria-actualitat-fundacion-gala-salvador-dali","categoria-actualitat-publicaciones"],"acf":[],"_links":{"self":[{"href":"https:\/\/webdali.latempesta.eu\/es\/wp-json\/wp\/v2\/noticia\/8738","targetHints":{"allow":["GET"]}}],"collection":[{"href":"https:\/\/webdali.latempesta.eu\/es\/wp-json\/wp\/v2\/noticia"}],"about":[{"href":"https:\/\/webdali.latempesta.eu\/es\/wp-json\/wp\/v2\/types\/noticia"}],"wp:featuredmedia":[{"embeddable":true,"href":"https:\/\/webdali.latempesta.eu\/es\/wp-json\/wp\/v2\/media\/5517"}],"wp:attachment":[{"href":"https:\/\/webdali.latempesta.eu\/es\/wp-json\/wp\/v2\/media?parent=8738"}],"wp:term":[{"taxonomy":"categoria-actualitat","embeddable":true,"href":"https:\/\/webdali.latempesta.eu\/es\/wp-json\/wp\/v2\/categoria-actualitat?post=8738"}],"curies":[{"name":"wp","href":"https:\/\/api.w.org\/{rel}","templated":true}]}}