{"id":8741,"date":"2019-03-14T00:00:00","date_gmt":"2019-03-13T22:00:00","guid":{"rendered":"https:\/\/webdali.latempesta.eu\/fundacio-dali\/noticia\/la-darrera-adquisicio-d-obra-s-exposa-a-pubol\/"},"modified":"2025-06-26T10:11:22","modified_gmt":"2025-06-26T08:11:22","slug":"la-ultima-adquisicion-de-obra-se-expone-en-pubol","status":"publish","type":"noticia","link":"https:\/\/webdali.latempesta.eu\/es\/fundacion-dali\/noticia\/la-ultima-adquisicion-de-obra-se-expone-en-pubol\/","title":{"rendered":"La \u00faltima adquisici\u00f3n de obra se expone en P\u00fabol"},"content":{"rendered":"<p>Montse Aguer, directora de los Museos Dal\u00ed ha presentado en el Castillo Gala Dal\u00ed de P\u00fabol la \u00faltima adquisici\u00f3n de obra, un temple y \u00f3leo sobre cart\u00f3n de c. 1923 titulado <em>El Molino. Paisaje de Cadaqu\u00e9s.<\/em> Se ha comprado a un coleccionista particular que desea permanecer en el anonimato.<\/p>\n","protected":false},"excerpt":{"rendered":"<p>Montse Aguer, directora de los Museos Dal\u00ed ha presentado en el Castillo Gala Dal\u00ed de P\u00fabol la \u00faltima adquisici\u00f3n de obra, un temple y \u00f3leo sobre cart\u00f3n de c. 1923 titulado El Molino. Paisaje de Cadaqu\u00e9s. Se ha comprado a un coleccionista particular que desea permanecer en el anonimato.<\/p>\n","protected":false},"featured_media":5522,"menu_order":0,"template":"","format":"standard","meta":{"_acf_changed":false,"_coblocks_attr":"","_coblocks_dimensions":"","_coblocks_responsive_height":"","_coblocks_accordion_ie_support":""},"categoria-actualitat":[],"class_list":["post-8741","noticia","type-noticia","status-publish","format-standard","has-post-thumbnail","hentry"],"acf":[],"_links":{"self":[{"href":"https:\/\/webdali.latempesta.eu\/es\/wp-json\/wp\/v2\/noticia\/8741","targetHints":{"allow":["GET"]}}],"collection":[{"href":"https:\/\/webdali.latempesta.eu\/es\/wp-json\/wp\/v2\/noticia"}],"about":[{"href":"https:\/\/webdali.latempesta.eu\/es\/wp-json\/wp\/v2\/types\/noticia"}],"wp:featuredmedia":[{"embeddable":true,"href":"https:\/\/webdali.latempesta.eu\/es\/wp-json\/wp\/v2\/media\/5522"}],"wp:attachment":[{"href":"https:\/\/webdali.latempesta.eu\/es\/wp-json\/wp\/v2\/media?parent=8741"}],"wp:term":[{"taxonomy":"categoria-actualitat","embeddable":true,"href":"https:\/\/webdali.latempesta.eu\/es\/wp-json\/wp\/v2\/categoria-actualitat?post=8741"}],"curies":[{"name":"wp","href":"https:\/\/api.w.org\/{rel}","templated":true}]}}