{"id":8777,"date":"2018-05-14T00:00:00","date_gmt":"2018-05-13T22:00:00","guid":{"rendered":"https:\/\/webdali.latempesta.eu\/fundacio-dali\/noticia\/javier-godo-nou-patro-vitalici\/"},"modified":"2025-06-26T10:11:24","modified_gmt":"2025-06-26T08:11:24","slug":"javier-godo-nuevo-patrono-vitalicio","status":"publish","type":"noticia","link":"https:\/\/webdali.latempesta.eu\/es\/fundacion-dali\/noticia\/javier-godo-nuevo-patrono-vitalicio\/","title":{"rendered":"Javier God\u00f3, nuevo patrono vitalicio"},"content":{"rendered":"<p>El Patronato de la Fundaci\u00f3 Gala-Salvador Dal\u00ed ha nombrado patrono vitalicio de la entidad a Javier God\u00f3, editor de <em>La Vanguardia<\/em>, en substituci\u00f3n de Ramon Boixad\u00f3s, fallecido en agosto de 2017.<\/p>\n<p>Al proponer a Javier God\u00f3 para el cargo, el presidente de la Fundaci\u00f3n, Jordi Mercader, ha subrayado su trayectoria y responsabilidades actuales, que aportar\u00e1n, ha dicho, \u00abun v\u00ednculo con actividades sociales y culturales de gran relevancia para la Fundaci\u00f3n, tanto en Catalunya como en el resto de Espa\u00f1a y a nivel internacional\u00bb.<\/p>\n<p>Javier God\u00f3 es consejero del MACBA y ha sido consejero del Museo de Arte Moderno de Nueva York (MoMA). Una experiencia que, seg\u00fan ha se\u00f1alado Mercader en la reuni\u00f3n del Patronato, \u00abpuede ser muy \u00fatil en la nueva etapa de la Fundaci\u00f3 Gala-Salvador Dal\u00ed\u00bb.<\/p>\n<p>El Patronato de la Fundaci\u00f3n Dal\u00ed est\u00e1 integrado por 21 miembros, 12 de los cuales son vitalicios y 9 institucionales. De estos nueve, tres son nombrados por la Generalitat de Catalunya, tres por el Gobierno espa\u00f1ol, dos por el Ayuntamiento de Figueres y uno por el Ayuntamiento de Cadaqu\u00e9s.<\/p>\n","protected":false},"excerpt":{"rendered":"<p>El Patronato de la Fundaci\u00f3 Gala-Salvador Dal\u00ed ha nombrado patrono vitalicio de la entidad a Javier God\u00f3, editor de La Vanguardia, en substituci\u00f3n de Ramon Boixad\u00f3s, fallecido en agosto de 2017. Al proponer a Javier God\u00f3 para el cargo, el presidente de la Fundaci\u00f3n, Jordi Mercader, ha subrayado su trayectoria y responsabilidades actuales, que aportar\u00e1n, [&hellip;]<\/p>\n","protected":false},"featured_media":5451,"menu_order":0,"template":"","format":"standard","meta":{"_acf_changed":false,"_coblocks_attr":"","_coblocks_dimensions":"","_coblocks_responsive_height":"","_coblocks_accordion_ie_support":""},"categoria-actualitat":[118],"class_list":["post-8777","noticia","type-noticia","status-publish","format-standard","has-post-thumbnail","hentry","categoria-actualitat-fundacion-gala-salvador-dali"],"acf":[],"_links":{"self":[{"href":"https:\/\/webdali.latempesta.eu\/es\/wp-json\/wp\/v2\/noticia\/8777","targetHints":{"allow":["GET"]}}],"collection":[{"href":"https:\/\/webdali.latempesta.eu\/es\/wp-json\/wp\/v2\/noticia"}],"about":[{"href":"https:\/\/webdali.latempesta.eu\/es\/wp-json\/wp\/v2\/types\/noticia"}],"wp:featuredmedia":[{"embeddable":true,"href":"https:\/\/webdali.latempesta.eu\/es\/wp-json\/wp\/v2\/media\/5451"}],"wp:attachment":[{"href":"https:\/\/webdali.latempesta.eu\/es\/wp-json\/wp\/v2\/media?parent=8777"}],"wp:term":[{"taxonomy":"categoria-actualitat","embeddable":true,"href":"https:\/\/webdali.latempesta.eu\/es\/wp-json\/wp\/v2\/categoria-actualitat?post=8777"}],"curies":[{"name":"wp","href":"https:\/\/api.w.org\/{rel}","templated":true}]}}