{"id":8840,"date":"2017-06-26T00:00:00","date_gmt":"2017-06-25T22:00:00","guid":{"rendered":"https:\/\/webdali.latempesta.eu\/fundacio-dali\/noticia\/la-fundacio-dali-recorrera-la-decisio-d-exhumacio\/"},"modified":"2025-06-26T10:11:25","modified_gmt":"2025-06-26T08:11:25","slug":"la-fundacion-dali-recorrera-la-decision-de-exhumacion","status":"publish","type":"noticia","link":"https:\/\/webdali.latempesta.eu\/es\/fundacion-dali\/noticia\/la-fundacion-dali-recorrera-la-decision-de-exhumacion\/","title":{"rendered":"La Fundaci\u00f3n Dal\u00ed recorrer\u00e1 la decisi\u00f3n de exhumaci\u00f3n"},"content":{"rendered":"<p>A la vista del contenido de la decisi\u00f3n tomada por el Juzgado de 1\u00aa Instancia n\u00fam. 11 de Madrid, el d\u00eda 20 de junio de 2017, en la que se ordena la exhumaci\u00f3n de los restos de Salvador Dal\u00ed para poder practicar la prueba biol\u00f3gica de investigaci\u00f3n de la paternidad de Pilar Abel, la Fundaci\u00f3n Dal\u00ed est\u00e1 preparando un recurso para oponerse a la pr\u00e1ctica de dicha exhumaci\u00f3n, recurso que ser\u00e1 presentado en los pr\u00f3ximos d\u00edas.<\/p>\n<p>Nuestro equipo jur\u00eddico interno junto con el despacho Roca Junyent, S. L. P. trabajan en este recurso en coordinaci\u00f3n con el Abogado del Estado.<\/p>\n","protected":false},"excerpt":{"rendered":"<p>A la vista del contenido de la decisi\u00f3n tomada por el Juzgado de 1\u00aa Instancia n\u00fam. 11 de Madrid, el d\u00eda 20 de junio de 2017, en la que se ordena la exhumaci\u00f3n de los restos de Salvador Dal\u00ed para poder practicar la prueba biol\u00f3gica de investigaci\u00f3n de la paternidad de Pilar Abel, la Fundaci\u00f3n [&hellip;]<\/p>\n","protected":false},"featured_media":5332,"menu_order":0,"template":"","format":"standard","meta":{"_acf_changed":false,"_coblocks_attr":"","_coblocks_dimensions":"","_coblocks_responsive_height":"","_coblocks_accordion_ie_support":""},"categoria-actualitat":[118],"class_list":["post-8840","noticia","type-noticia","status-publish","format-standard","has-post-thumbnail","hentry","categoria-actualitat-fundacion-gala-salvador-dali"],"acf":[],"_links":{"self":[{"href":"https:\/\/webdali.latempesta.eu\/es\/wp-json\/wp\/v2\/noticia\/8840","targetHints":{"allow":["GET"]}}],"collection":[{"href":"https:\/\/webdali.latempesta.eu\/es\/wp-json\/wp\/v2\/noticia"}],"about":[{"href":"https:\/\/webdali.latempesta.eu\/es\/wp-json\/wp\/v2\/types\/noticia"}],"wp:featuredmedia":[{"embeddable":true,"href":"https:\/\/webdali.latempesta.eu\/es\/wp-json\/wp\/v2\/media\/5332"}],"wp:attachment":[{"href":"https:\/\/webdali.latempesta.eu\/es\/wp-json\/wp\/v2\/media?parent=8840"}],"wp:term":[{"taxonomy":"categoria-actualitat","embeddable":true,"href":"https:\/\/webdali.latempesta.eu\/es\/wp-json\/wp\/v2\/categoria-actualitat?post=8840"}],"curies":[{"name":"wp","href":"https:\/\/api.w.org\/{rel}","templated":true}]}}