{"id":8873,"date":"2017-03-02T00:00:00","date_gmt":"2017-03-01T22:00:00","guid":{"rendered":"https:\/\/webdali.latempesta.eu\/fundacio-dali\/noticia\/la-fundacio-dali-compra-l-obra-figura-de-perfil\/"},"modified":"2025-06-26T10:11:25","modified_gmt":"2025-06-26T08:11:25","slug":"la-fundacion-dali-compra-la-obra-figura-de-perfil","status":"publish","type":"noticia","link":"https:\/\/webdali.latempesta.eu\/es\/fundacion-dali\/noticia\/la-fundacion-dali-compra-la-obra-figura-de-perfil\/","title":{"rendered":"La Fundaci\u00f3n Dal\u00ed compra la obra Figura de perfil"},"content":{"rendered":"<p>La Fundaci\u00f3 Dal\u00ed ha comprado la obra del artista titulada <em>Figura de perfil<\/em>, \u00f3leo sobre cart\u00f3n del a\u00f1o 1925. La pieza ha sido subastada en Bonhams Londres y su precio de martillo ha sido de 1,8 millones de euros.<\/p>\n<p>La Fundaci\u00f3n Dal\u00ed valora muy positivamente esta incorporaci\u00f3n porque contribuye a enriquecer tanto su colecci\u00f3n como el conocimiento de la t\u00e9cnica pict\u00f3rica del artista los a\u00f1os previos a su adhesi\u00f3n al\u00a0grupo surrealista. En 2009 la Fundaci\u00f3n ya adquiri\u00f3 <em>Figura de espaldas<\/em> de 1925 (N\u00ba Cat\u00e1logo Razonado 148). Ambas participaron en la primera exposici\u00f3n de Dal\u00ed en las Galeries Dalmau de Barcelona en noviembre de 1925. Con este retrato ya son 4 los \u00f3leos que tienen a Anna Maria como protagonista y que forman parte de la colecci\u00f3n de la Fundaci\u00f3n.<\/p>\n<p>El esfuerzo econ\u00f3mico que comporta esta adquisici\u00f3n cumple la voluntad y misi\u00f3n de la Fundaci\u00f3n Dal\u00ed de hacer accesibles obras maestras de Salvador Dal\u00ed para el disfrute del p\u00fablico. Llegado el momento en que se decida exponerla en el Teatro-Museo, se presentar\u00e1 a los medios de comunicaci\u00f3n.<\/p>\n","protected":false},"excerpt":{"rendered":"<p>La Fundaci\u00f3 Dal\u00ed ha comprado la obra del artista titulada Figura de perfil, \u00f3leo sobre cart\u00f3n del a\u00f1o 1925. La pieza ha sido subastada en Bonhams Londres y su precio de martillo ha sido de 1,8 millones de euros. La Fundaci\u00f3n Dal\u00ed valora muy positivamente esta incorporaci\u00f3n porque contribuye a enriquecer tanto su colecci\u00f3n como [&hellip;]<\/p>\n","protected":false},"featured_media":5274,"menu_order":0,"template":"","format":"standard","meta":{"_acf_changed":false,"_coblocks_attr":"","_coblocks_dimensions":"","_coblocks_responsive_height":"","_coblocks_accordion_ie_support":""},"categoria-actualitat":[115,118],"class_list":["post-8873","noticia","type-noticia","status-publish","format-standard","has-post-thumbnail","hentry","categoria-actualitat-adquisiciones","categoria-actualitat-fundacion-gala-salvador-dali"],"acf":[],"_links":{"self":[{"href":"https:\/\/webdali.latempesta.eu\/es\/wp-json\/wp\/v2\/noticia\/8873","targetHints":{"allow":["GET"]}}],"collection":[{"href":"https:\/\/webdali.latempesta.eu\/es\/wp-json\/wp\/v2\/noticia"}],"about":[{"href":"https:\/\/webdali.latempesta.eu\/es\/wp-json\/wp\/v2\/types\/noticia"}],"wp:featuredmedia":[{"embeddable":true,"href":"https:\/\/webdali.latempesta.eu\/es\/wp-json\/wp\/v2\/media\/5274"}],"wp:attachment":[{"href":"https:\/\/webdali.latempesta.eu\/es\/wp-json\/wp\/v2\/media?parent=8873"}],"wp:term":[{"taxonomy":"categoria-actualitat","embeddable":true,"href":"https:\/\/webdali.latempesta.eu\/es\/wp-json\/wp\/v2\/categoria-actualitat?post=8873"}],"curies":[{"name":"wp","href":"https:\/\/api.w.org\/{rel}","templated":true}]}}