{"id":8897,"date":"2016-08-01T00:00:00","date_gmt":"2016-07-31T22:00:00","guid":{"rendered":"https:\/\/webdali.latempesta.eu\/fundacio-dali\/noticia\/visites-guiades-al-teatre-museu-dali-de-nit\/"},"modified":"2025-06-26T10:11:27","modified_gmt":"2025-06-26T08:11:27","slug":"visites-guiades-al-teatre-museu-dali-de-nit","status":"publish","type":"noticia","link":"https:\/\/webdali.latempesta.eu\/es\/fundacion-dali\/noticia\/visites-guiades-al-teatre-museu-dali-de-nit\/","title":{"rendered":"Visites guiades al Teatre-Museu Dal\u00ed de Nit"},"content":{"rendered":"<p><strong>NOVEDAD<\/strong><\/p>\n<p><strong>Este verano disfrutad de la magia del Teatro-Museo Dal\u00ed de Noche con nuestras visitas guiadas.<\/strong><\/p>\n<p>Durante el periodo del 30 de julio al 31 de agosto de 2016, el Teatro-Museo Dal\u00ed ofrece visitas guiadas de mi\u00e9rcoles a s\u00e1bado para poder descubrir la obra surrealista m\u00e1s grande del mundo debajo de la luz de la luna.<\/p>\n<p>Lunes, Mi\u00e9rcoles y viernes <strong>22.30h<\/strong> visitas en espa\u00f1ol e ingl\u00e9s<\/p>\n<p>Martes, Jueves y \u00a0s\u00e1bado <strong>22.30h<\/strong> visitas en catal\u00e1n y franc\u00e9s<\/p>\n<p>Aforo limitado: 25 personas\/grupo<\/p>\n<p>Reservad directamente en nuestro <a href=\"https:\/\/webdali.latempesta.eu\/serveis\/es_entrades\/?cancel&amp;servei=IIN&amp;m=TMN\">web<\/a>.<\/p>\n","protected":false},"excerpt":{"rendered":"<p>NOVEDAD Este verano disfrutad de la magia del Teatro-Museo Dal\u00ed de Noche con nuestras visitas guiadas. Durante el periodo del 30 de julio al 31 de agosto de 2016, el Teatro-Museo Dal\u00ed ofrece visitas guiadas de mi\u00e9rcoles a s\u00e1bado para poder descubrir la obra surrealista m\u00e1s grande del mundo debajo de la luz de la [&hellip;]<\/p>\n","protected":false},"featured_media":5107,"menu_order":0,"template":"","format":"standard","meta":{"_acf_changed":false,"_coblocks_attr":"","_coblocks_dimensions":"","_coblocks_responsive_height":"","_coblocks_accordion_ie_support":""},"categoria-actualitat":[114,118,119],"class_list":["post-8897","noticia","type-noticia","status-publish","format-standard","has-post-thumbnail","hentry","categoria-actualitat-actividades","categoria-actualitat-fundacion-gala-salvador-dali","categoria-actualitat-museos"],"acf":[],"_links":{"self":[{"href":"https:\/\/webdali.latempesta.eu\/es\/wp-json\/wp\/v2\/noticia\/8897","targetHints":{"allow":["GET"]}}],"collection":[{"href":"https:\/\/webdali.latempesta.eu\/es\/wp-json\/wp\/v2\/noticia"}],"about":[{"href":"https:\/\/webdali.latempesta.eu\/es\/wp-json\/wp\/v2\/types\/noticia"}],"wp:featuredmedia":[{"embeddable":true,"href":"https:\/\/webdali.latempesta.eu\/es\/wp-json\/wp\/v2\/media\/5107"}],"wp:attachment":[{"href":"https:\/\/webdali.latempesta.eu\/es\/wp-json\/wp\/v2\/media?parent=8897"}],"wp:term":[{"taxonomy":"categoria-actualitat","embeddable":true,"href":"https:\/\/webdali.latempesta.eu\/es\/wp-json\/wp\/v2\/categoria-actualitat?post=8897"}],"curies":[{"name":"wp","href":"https:\/\/api.w.org\/{rel}","templated":true}]}}