{"id":8912,"date":"2016-04-26T00:00:00","date_gmt":"2016-04-25T22:00:00","guid":{"rendered":"https:\/\/webdali.latempesta.eu\/fundacio-dali\/noticia\/ultims-dies-per-veure-l-exposicio-d-obra-inspirada-en-velazquez\/"},"modified":"2025-06-26T10:11:27","modified_gmt":"2025-06-26T08:11:27","slug":"ultimos-dias-para-ver-la-exposicion-de-obra-inspirada-en-velazquez","status":"publish","type":"noticia","link":"https:\/\/webdali.latempesta.eu\/es\/fundacion-dali\/noticia\/ultimos-dias-para-ver-la-exposicion-de-obra-inspirada-en-velazquez\/","title":{"rendered":"\u00daltimos d\u00edas para ver la exposici\u00f3n de obra inspirada en Vel\u00e1zquez"},"content":{"rendered":"<p>El martes 3 de mayo ser\u00e1 el \u00faltimo d\u00eda en que podr\u00e1 verse la exposici\u00f3n <em><strong>\u00bfQu\u00e9 hay de nuevo? -Vel\u00e1zquez<\/strong><\/em>, en la Sala de las Loggias del Teatro-Museo Dal\u00ed de Figueres.<\/p>\n<p>Vedla en este <a href=\"https:\/\/www.youtube.com\/watch?v=i_9fq1MRN1Q\">v\u00eddeo<\/a>.<\/p>\n","protected":false},"excerpt":{"rendered":"<p>El martes 3 de mayo ser\u00e1 el \u00faltimo d\u00eda en que podr\u00e1 verse la exposici\u00f3n \u00bfQu\u00e9 hay de nuevo? -Vel\u00e1zquez, en la Sala de las Loggias del Teatro-Museo Dal\u00ed de Figueres. Vedla en este v\u00eddeo.<\/p>\n","protected":false},"featured_media":5207,"menu_order":0,"template":"","format":"standard","meta":{"_acf_changed":false,"_coblocks_attr":"","_coblocks_dimensions":"","_coblocks_responsive_height":"","_coblocks_accordion_ie_support":""},"categoria-actualitat":[117,119],"class_list":["post-8912","noticia","type-noticia","status-publish","format-standard","has-post-thumbnail","hentry","categoria-actualitat-exposiciones","categoria-actualitat-museos"],"acf":[],"_links":{"self":[{"href":"https:\/\/webdali.latempesta.eu\/es\/wp-json\/wp\/v2\/noticia\/8912","targetHints":{"allow":["GET"]}}],"collection":[{"href":"https:\/\/webdali.latempesta.eu\/es\/wp-json\/wp\/v2\/noticia"}],"about":[{"href":"https:\/\/webdali.latempesta.eu\/es\/wp-json\/wp\/v2\/types\/noticia"}],"wp:featuredmedia":[{"embeddable":true,"href":"https:\/\/webdali.latempesta.eu\/es\/wp-json\/wp\/v2\/media\/5207"}],"wp:attachment":[{"href":"https:\/\/webdali.latempesta.eu\/es\/wp-json\/wp\/v2\/media?parent=8912"}],"wp:term":[{"taxonomy":"categoria-actualitat","embeddable":true,"href":"https:\/\/webdali.latempesta.eu\/es\/wp-json\/wp\/v2\/categoria-actualitat?post=8912"}],"curies":[{"name":"wp","href":"https:\/\/api.w.org\/{rel}","templated":true}]}}