{"id":8954,"date":"2015-11-04T00:00:00","date_gmt":"2015-11-03T22:00:00","guid":{"rendered":"https:\/\/webdali.latempesta.eu\/fundacio-dali\/noticia\/primer-premi-d-avicom-per-a-la-fundacio-dali\/"},"modified":"2025-06-26T10:11:28","modified_gmt":"2025-06-26T08:11:28","slug":"primer-premio-de-avicom-para-la-fundacion-dali","status":"publish","type":"noticia","link":"https:\/\/webdali.latempesta.eu\/es\/fundacion-dali\/noticia\/primer-premio-de-avicom-para-la-fundacion-dali\/","title":{"rendered":"Primer premio de AVICOM para la Fundaci\u00f3n Dal\u00ed"},"content":{"rendered":"<p>La Fundaci\u00f3 Gala-Salvador Dal\u00ed informa de que esta\u00a0pasada noche ha vuelto a ganar el primer premio internacional \u00abLong Film Gold\u00bb en la categor\u00eda de largometraje que otorga AVICOM (Comit\u00e9 Internacional para el audiovisual y las tecnolog\u00edas de la imagen, secci\u00f3n audiovisual del ICOM). En esta ocasi\u00f3n la Fundaci\u00f3n Dal\u00ed ha presentado el documental Dal\u00ed, la \u00faltima gran obra. Ha recogido el galard\u00f3n Llu\u00eds Pe\u00f1uelas, Secretario General de la Fundaci\u00f3n Dal\u00ed, en una ceremonia que se ha celebrado en el Museo Nacional H\u00fangaro, en Budapest, en el marco del FIAMP, Festival Internacional del Audiovisual y Multimedia sobre Patrimonio y Museos, una competici\u00f3n que cuenta con un jurado internacional de expertos que analizan las mejores producciones del mundo de la museolog\u00eda.<\/p>\n<p>La argumentaci\u00f3n del premio ha sido: \u00abporqu\u00e9 este extraordinario documental no tan solo es una visita virtual al museo Dal\u00ed sino que tambi\u00e9n muestra contenidos que dif\u00edcilmente pueden encontrase en un \u00fanico soporte\u00bb.<\/p>\n<p>Entre los finalistas hab\u00eda dos producciones francesas \u00abBeaux-Arts, effervescence dans la ville\u00bb y \u00abDiego Velazquez ou le realisme sauvage\u00bb.<\/p>\n<p>El a\u00f1o pasado ganamos este mismo galard\u00f3n por el documental Dal\u00ed-Pitxot. La alegor\u00eda de la memoria producido por la Fundaci\u00f3n Dal\u00ed y realizado por DocDoc Films, un proyecto audiovisual que se presentaba en formato DVD junto con el cat\u00e1logo de la exposici\u00f3n temporal que el Castillo de P\u00fabol dedicaba a Antoni Pitxot.<\/p>\n","protected":false},"excerpt":{"rendered":"<p>La Fundaci\u00f3 Gala-Salvador Dal\u00ed informa de que esta\u00a0pasada noche ha vuelto a ganar el primer premio internacional \u00abLong Film Gold\u00bb en la categor\u00eda de largometraje que otorga AVICOM (Comit\u00e9 Internacional para el audiovisual y las tecnolog\u00edas de la imagen, secci\u00f3n audiovisual del ICOM). En esta ocasi\u00f3n la Fundaci\u00f3n Dal\u00ed ha presentado el documental Dal\u00ed, la [&hellip;]<\/p>\n","protected":false},"featured_media":5127,"menu_order":0,"template":"","format":"standard","meta":{"_acf_changed":false,"_coblocks_attr":"","_coblocks_dimensions":"","_coblocks_responsive_height":"","_coblocks_accordion_ie_support":""},"categoria-actualitat":[118],"class_list":["post-8954","noticia","type-noticia","status-publish","format-standard","has-post-thumbnail","hentry","categoria-actualitat-fundacion-gala-salvador-dali"],"acf":[],"_links":{"self":[{"href":"https:\/\/webdali.latempesta.eu\/es\/wp-json\/wp\/v2\/noticia\/8954","targetHints":{"allow":["GET"]}}],"collection":[{"href":"https:\/\/webdali.latempesta.eu\/es\/wp-json\/wp\/v2\/noticia"}],"about":[{"href":"https:\/\/webdali.latempesta.eu\/es\/wp-json\/wp\/v2\/types\/noticia"}],"wp:featuredmedia":[{"embeddable":true,"href":"https:\/\/webdali.latempesta.eu\/es\/wp-json\/wp\/v2\/media\/5127"}],"wp:attachment":[{"href":"https:\/\/webdali.latempesta.eu\/es\/wp-json\/wp\/v2\/media?parent=8954"}],"wp:term":[{"taxonomy":"categoria-actualitat","embeddable":true,"href":"https:\/\/webdali.latempesta.eu\/es\/wp-json\/wp\/v2\/categoria-actualitat?post=8954"}],"curies":[{"name":"wp","href":"https:\/\/api.w.org\/{rel}","templated":true}]}}