{"id":8988,"date":"2015-03-14T00:00:00","date_gmt":"2015-03-13T22:00:00","guid":{"rendered":"https:\/\/webdali.latempesta.eu\/fundacio-dali\/noticia\/obertura-castell-gala-dali-de-pubol-2\/"},"modified":"2025-06-26T10:11:28","modified_gmt":"2025-06-26T08:11:28","slug":"apertura-de-la-casa-museo-castillo-gala-dali-de-pubol","status":"publish","type":"noticia","link":"https:\/\/webdali.latempesta.eu\/es\/fundacion-dali\/noticia\/apertura-de-la-casa-museo-castillo-gala-dali-de-pubol\/","title":{"rendered":"Apertura de la Casa-Museo Castillo Gala Dal\u00ed de P\u00fabol"},"content":{"rendered":"<div>\n<div>\n<p><span style=\"color: black\"><span style=\"color: black\"><span style=\"color: black\">Hoy martes 15 de marzo\u00a0abre de\u00a0nuevo al p\u00fablico la casa-museo Castillo Gala Dal\u00ed de P\u00fabol.\u00a0<\/span>\u00a0<\/span><\/span><\/p>\n<p><span style=\"color: black\"><span style=\"color: black\">Os recordamos los horarios de apertura de toda la temporada 2011 (15 de marzo- 31 de diciembre)<\/span><\/span><\/p>\n<p><strong>7 enero &#8211; 13 marzo.<\/strong> CERRADO<\/p>\n<p>\n<strong>14 marZO &#8211; 14 junio<\/strong> Y <strong>16 septiembre &#8211; 1 noviembre<\/strong>.<br \/>\n10:00-18:00h. \u00daltimo acceso 17:15h.<br \/>\nCERRADO: Lunes (<a href=\"\/museus\/castell-gala-dali-pubol\/info-practica\/es_horaris-i-preus\/\">consultar LUNES DE APERTURA<\/a>).<\/p>\n<p><strong>2 noviembre &#8211; 31 diciembre y 1- 6 ener<\/strong>o<br \/>\n10:00 &#8211; 17:00h. \u00daltimo acceso 16:15h.<br \/>\nCERRADO: 25 diciembre, 1 enero i los Lunes (<a href=\"\/museus\/castell-gala-dali-pubol\/info-practica\/es_horaris-i-preus\/\">consultar LUNES DE APERTURA<\/a>).<\/p>\n<p>\n<strong>15 junio &#8211; 15 septiembre<\/strong><br \/>\n10:00-20:00h. \u00daltimo acceso 19:15h.<br \/>\nAbierto cada d\u00eda.<\/p>\n<p><strong>PRECIOS<\/strong><br \/>\nENTRADA NORMAL 8\u20ac ENTRADA GRUPOS (+25) 5,5\u20ac<br \/>\nENTRADA REDUCIDA 6\u20ac ENTRADA ON-LINE 8\u20ac<\/p>\n<\/div>\n<\/div>\n","protected":false},"excerpt":{"rendered":"<p>Hoy martes 15 de marzo\u00a0abre de\u00a0nuevo al p\u00fablico la casa-museo Castillo Gala Dal\u00ed de P\u00fabol.\u00a0\u00a0 Os recordamos los horarios de apertura de toda la temporada 2011 (15 de marzo- 31 de diciembre) 7 enero &#8211; 13 marzo. CERRADO 14 marZO &#8211; 14 junio Y 16 septiembre &#8211; 1 noviembre. 10:00-18:00h. \u00daltimo acceso 17:15h. CERRADO: Lunes [&hellip;]<\/p>\n","protected":false},"featured_media":5072,"menu_order":0,"template":"","format":"standard","meta":{"_acf_changed":false,"_coblocks_attr":"","_coblocks_dimensions":"","_coblocks_responsive_height":"","_coblocks_accordion_ie_support":""},"categoria-actualitat":[118,119],"class_list":["post-8988","noticia","type-noticia","status-publish","format-standard","has-post-thumbnail","hentry","categoria-actualitat-fundacion-gala-salvador-dali","categoria-actualitat-museos"],"acf":[],"_links":{"self":[{"href":"https:\/\/webdali.latempesta.eu\/es\/wp-json\/wp\/v2\/noticia\/8988","targetHints":{"allow":["GET"]}}],"collection":[{"href":"https:\/\/webdali.latempesta.eu\/es\/wp-json\/wp\/v2\/noticia"}],"about":[{"href":"https:\/\/webdali.latempesta.eu\/es\/wp-json\/wp\/v2\/types\/noticia"}],"wp:featuredmedia":[{"embeddable":true,"href":"https:\/\/webdali.latempesta.eu\/es\/wp-json\/wp\/v2\/media\/5072"}],"wp:attachment":[{"href":"https:\/\/webdali.latempesta.eu\/es\/wp-json\/wp\/v2\/media?parent=8988"}],"wp:term":[{"taxonomy":"categoria-actualitat","embeddable":true,"href":"https:\/\/webdali.latempesta.eu\/es\/wp-json\/wp\/v2\/categoria-actualitat?post=8988"}],"curies":[{"name":"wp","href":"https:\/\/api.w.org\/{rel}","templated":true}]}}