{"id":8994,"date":"2015-03-10T00:00:00","date_gmt":"2015-03-09T22:00:00","guid":{"rendered":"https:\/\/webdali.latempesta.eu\/fundacio-dali\/noticia\/montse-aguer-inaugura-la-ruta-dali-de-paris\/"},"modified":"2025-06-26T10:11:28","modified_gmt":"2025-06-26T08:11:28","slug":"montse-aguer-inaugura-la-ruta-dali-de-paris","status":"publish","type":"noticia","link":"https:\/\/webdali.latempesta.eu\/es\/fundacion-dali\/noticia\/montse-aguer-inaugura-la-ruta-dali-de-paris\/","title":{"rendered":"Montse Aguer inaugura la Ruta Dal\u00ed de Par\u00eds"},"content":{"rendered":"<p>El Instituto Cervantes de Par\u00eds present\u00f3 ayer la Ruta Dal\u00ed de Par\u00eds de la mano de la directora del Centro de Estudios Dalinianos, Montse Aguer, autora de los contenidos. La Ruta puede consultarse <a href=\"http:\/\/paris.rutascervantes.es\/ruta\/dali\">aqu\u00ed<\/a>.<\/p>\n<p>Salvador Dal\u00ed empieza a construir su leyenda en Par\u00eds desde su primer viaje a la capital francesa en 1926, ocasi\u00f3n en la que visita a Picasso en su taller y tambi\u00e9n algunos lugares tan emblem\u00e1ticos como el Mus\u00e9e du Louvre, Versailles o la casa-estudio de Millet en Fontainebleau. En 1929 se instala en Par\u00eds con motivo del rodaje de <em>Un chien andalou<\/em> y se integra plenamente en el grupo surrealista. Esta estancia motiva a la cr\u00f3nica Documental-Par\u00eds-1929, publicada en siete art\u00edculos en las p\u00e1ginas de <em>La Publicitat<\/em>, en la que Dal\u00ed cita lugare famosos y de moda como el Claridge, el Ritz, el Carlton, el bar de la Coupole, el Dome y alude a muchos artistas del momento: Benjamin Peret, Paul \u00c9luard, Jean Cocteau, Man Ray, Ren\u00e9 Magritte, Joan Mir\u00f3, Pablo Picasso, Camille Goemans, Robert Desnos, Ren\u00e9 Clair, etc.<\/p>\n","protected":false},"excerpt":{"rendered":"<p>El Instituto Cervantes de Par\u00eds present\u00f3 ayer la Ruta Dal\u00ed de Par\u00eds de la mano de la directora del Centro de Estudios Dalinianos, Montse Aguer, autora de los contenidos. La Ruta puede consultarse aqu\u00ed. Salvador Dal\u00ed empieza a construir su leyenda en Par\u00eds desde su primer viaje a la capital francesa en 1926, ocasi\u00f3n en [&hellip;]<\/p>\n","protected":false},"featured_media":5062,"menu_order":0,"template":"","format":"standard","meta":{"_acf_changed":false,"_coblocks_attr":"","_coblocks_dimensions":"","_coblocks_responsive_height":"","_coblocks_accordion_ie_support":""},"categoria-actualitat":[118],"class_list":["post-8994","noticia","type-noticia","status-publish","format-standard","has-post-thumbnail","hentry","categoria-actualitat-fundacion-gala-salvador-dali"],"acf":[],"_links":{"self":[{"href":"https:\/\/webdali.latempesta.eu\/es\/wp-json\/wp\/v2\/noticia\/8994","targetHints":{"allow":["GET"]}}],"collection":[{"href":"https:\/\/webdali.latempesta.eu\/es\/wp-json\/wp\/v2\/noticia"}],"about":[{"href":"https:\/\/webdali.latempesta.eu\/es\/wp-json\/wp\/v2\/types\/noticia"}],"wp:featuredmedia":[{"embeddable":true,"href":"https:\/\/webdali.latempesta.eu\/es\/wp-json\/wp\/v2\/media\/5062"}],"wp:attachment":[{"href":"https:\/\/webdali.latempesta.eu\/es\/wp-json\/wp\/v2\/media?parent=8994"}],"wp:term":[{"taxonomy":"categoria-actualitat","embeddable":true,"href":"https:\/\/webdali.latempesta.eu\/es\/wp-json\/wp\/v2\/categoria-actualitat?post=8994"}],"curies":[{"name":"wp","href":"https:\/\/api.w.org\/{rel}","templated":true}]}}