{"id":9003,"date":"2015-02-01T00:00:00","date_gmt":"2015-01-31T22:00:00","guid":{"rendered":"https:\/\/webdali.latempesta.eu\/fundacio-dali\/noticia\/84-285-visitants-a-l-exposicio-de-moscou\/"},"modified":"2025-06-26T10:11:29","modified_gmt":"2025-06-26T08:11:29","slug":"84-285-visitantes-a-la-exposicion-de-moscu","status":"publish","type":"noticia","link":"https:\/\/webdali.latempesta.eu\/es\/fundacion-dali\/noticia\/84-285-visitantes-a-la-exposicion-de-moscu\/","title":{"rendered":"84.285 visitantes a la exposici\u00f3n de Mosc\u00fa"},"content":{"rendered":"<p>El pasado 1 de febrero se clausur\u00f3 la exposici\u00f3n dedicada a Dal\u00ed en Mosc\u00fa, donde recibi\u00f3, en total, 84.285 visitantes.<\/p>\n<p>La muestra constaba de 219 piezas procedentes de los fondos de la Fundaci\u00f3n Dal\u00ed: 205 peri\u00f3dicos y revistas y de 14 \u00f3leos y dibujos. Ha sido una reedici\u00f3n de <em>Dal\u00ed i las revistas, <\/em>exposici\u00f3n comisariada por Montse Aguer en el a\u00f1o 2008 en el Castillo de P\u00fabol,\u00a0 adaptada en esta ocasi\u00f3n al museo de arte moderno de Mosc\u00fa. Se ha centrado en la colaboraci\u00f3n de Salvador Dal\u00ed en el mundo de las revistas y la prensa escrita, que es variada y extensa, sin olvidar el papel siempre presente de Gala, de origen ruso, como inefable colaboradora de \u00a0sus m\u00faltiples proyectos.<\/p>\n","protected":false},"excerpt":{"rendered":"<p>El pasado 1 de febrero se clausur\u00f3 la exposici\u00f3n dedicada a Dal\u00ed en Mosc\u00fa, donde recibi\u00f3, en total, 84.285 visitantes. La muestra constaba de 219 piezas procedentes de los fondos de la Fundaci\u00f3n Dal\u00ed: 205 peri\u00f3dicos y revistas y de 14 \u00f3leos y dibujos. Ha sido una reedici\u00f3n de Dal\u00ed i las revistas, exposici\u00f3n comisariada [&hellip;]<\/p>\n","protected":false},"featured_media":5047,"menu_order":0,"template":"","format":"standard","meta":{"_acf_changed":false,"_coblocks_attr":"","_coblocks_dimensions":"","_coblocks_responsive_height":"","_coblocks_accordion_ie_support":""},"categoria-actualitat":[117,118],"class_list":["post-9003","noticia","type-noticia","status-publish","format-standard","has-post-thumbnail","hentry","categoria-actualitat-exposiciones","categoria-actualitat-fundacion-gala-salvador-dali"],"acf":[],"_links":{"self":[{"href":"https:\/\/webdali.latempesta.eu\/es\/wp-json\/wp\/v2\/noticia\/9003","targetHints":{"allow":["GET"]}}],"collection":[{"href":"https:\/\/webdali.latempesta.eu\/es\/wp-json\/wp\/v2\/noticia"}],"about":[{"href":"https:\/\/webdali.latempesta.eu\/es\/wp-json\/wp\/v2\/types\/noticia"}],"wp:featuredmedia":[{"embeddable":true,"href":"https:\/\/webdali.latempesta.eu\/es\/wp-json\/wp\/v2\/media\/5047"}],"wp:attachment":[{"href":"https:\/\/webdali.latempesta.eu\/es\/wp-json\/wp\/v2\/media?parent=9003"}],"wp:term":[{"taxonomy":"categoria-actualitat","embeddable":true,"href":"https:\/\/webdali.latempesta.eu\/es\/wp-json\/wp\/v2\/categoria-actualitat?post=9003"}],"curies":[{"name":"wp","href":"https:\/\/api.w.org\/{rel}","templated":true}]}}