{"id":9048,"date":"2014-05-29T00:00:00","date_gmt":"2014-05-28T22:00:00","guid":{"rendered":"https:\/\/webdali.latempesta.eu\/fundacio-dali\/noticia\/dali-al-brasil\/"},"modified":"2025-06-26T10:11:30","modified_gmt":"2025-06-26T08:11:30","slug":"dali-en-brasil","status":"publish","type":"noticia","link":"https:\/\/webdali.latempesta.eu\/es\/fundacion-dali\/noticia\/dali-en-brasil\/","title":{"rendered":"Dal\u00ed en Brasil"},"content":{"rendered":"<p>Hoy se inaugura la exposici\u00f3n <em>Salvador Dal\u00ed <\/em>en el Centro Cultural do\u00a0Banco do Brasil, en Rio de Janiero, organizada por la Fundaci\u00f3n Dal\u00ed junto con el Museo Reina Sof\u00eda de Madrid, el Salvador Dal\u00ed Museum de San Petersburgo (Florida) y el Instituto Tomie Ohtake (Brasil). Consta de un recorrido por obras de todas las \u00e9pocas, aunque haceespecial incidencia en el per\u00edodo surrealista. Se exponen un total de 220 piezas: 164 obras de arte y 56 documentos.<\/p>\n<p>Es la mayor muestra antol\u00f3gica de obra del artista que se haya celebrado en este pa\u00eds. Podr\u00e1 verse en el Centro Cultural Banco do Brasil de Rio de Janeiro del 29 de mayo al 22 de septiembre y se trasladar\u00e1 parcialmente al Instituto Tomie Ohtake de Sao Paulo del 1 de octubre hasta finales de a\u00f1o.<\/p>\n<p>El gran entente entre las instituciones organizadoras ha propiciado en el pasado m\u00e1s reciente las exposiciones en el Centre Pompidou y en el Museo Reina Sof\u00eda con gran \u00e9xito de p\u00fablico y de cr\u00edtica y favorece ahora la realizaci\u00f3n de esta importante retrospectiva que cuenta con grandes obras del maestro ampurdan\u00e9s. De este modo, la Fundaci\u00f3n Dal\u00ed quiere cumplir unos de sus objetivos fundacionales: el de promocionar, divulgar y prestigiar tanto en el territorio del Estado espa\u00f1ol como en el extranjero la obra art\u00edstica e intelectual del pintor.<\/p>\n<p>Con esta premisa, los equipos t\u00e9cnicos de las tres mayores colecciones de obra de Salvador Dal\u00ed han concebido una exposici\u00f3n que presenta una mirada exhaustiva por la producci\u00f3n daliniana desde los a\u00f1os 20 hasta sus \u00faltimas telas. Propone al visitante la oportunidad de apreciar la evoluci\u00f3n, no tan s\u00f3lo t\u00e9cnica, sino tambi\u00e9n de sus influencias, referentes ideol\u00f3gicos e iconogr\u00e1ficos, ofreciendo, de esta manera, la contemplaci\u00f3n siempre enriquecedora del original universo del artista.<\/p>\n<p>Podremos contemplar obras de la \u00e9poca de formaci\u00f3n del pintor como <em>Retrato del padre y casa de Es Llaner<\/em>, c. 1920, <em>El camino de Portlligat con vistas sobre el Cap de Creus<\/em>, c. 1921, <em>Autorretrato cubista<\/em>, 1923, <em>Retrato de mi hermana<\/em>, 1925, <em>Busto de Voltaire<\/em>, 1941, <em>Idilio at\u00f3mico y ur\u00e1nico melanc\u00f3lico<\/em>, 1945, <em>A prop\u00f3sito del \u00abDiscurso sobre la forma c\u00fabica de Juan de Herrera\u00bb<\/em>, 1960, <em>El pie de Gala<\/em> (obra estereosc\u00f3pica en dos elementos), c. 1975-76 hasta <em>Sin t\u00edtulo. Seg\u00fan \u00abLa noche\u00bb de Miguel \u00c1ngel<\/em>, 1982 o <em>Contorsi\u00f3n topol\u00f3gica de una figura femenina convirti\u00e9ndose en violonchelo<\/em> de 1983.<\/p>\n<p>En esta visi\u00f3n retrospectiva, la \u00e9poca surrealista es la protagonista indiscutible. Se trata del momento de consagraci\u00f3n del pintor, el que le ha dado fama universal y en el que desarrolla su m\u00e9todo paranoico-cr\u00edtico de interpretaci\u00f3n de la realidad. Por este motivo, las tres instituciones han querido destacar especialmente esta etapa mostrando obras muy significativas de sus colecciones. Buen ejemplo son: <em>Monumento imperial a la mujer-ni\u00f1a<\/em>, 1929, <em>El sentimiento de velocidad<\/em>, 1931, <em>Eco morfol\u00f3gico<\/em>, 1935 o <em>Paisaje pagano medio<\/em>, 1937. Tambi\u00e9n se proyectar\u00e1n las dos pel\u00edculas realizadas con Luis Bu\u00f1uel <em>Un perro andaluz<\/em> (1929) y <em>La edad de oro<\/em> (1930), que supusieron para ambos autores la entrada al grupo surrealista como miembros de pleno derecho. Como complemento ideal a las actividades del pintor en este movimiento, presentamos los grabados que realiz\u00f3 para ilustrar <em>Les Chants de Maldoror<\/em>. Este poema en prosa escrito por Isidore Ducasse, conocido como Conde de Lautr\u00e9mont, fue un leitmotiv tanto por el tema como por el mundo on\u00edrico que describe del grupo surrealista, convirti\u00e9ndose as\u00ed en uno de los autores de cabecera del movimiento.<\/p>\n<p>Adem\u00e1s de estos grabados, hemos incluido en la exposici\u00f3n otras aproximaciones a esta t\u00e9cnica que, a veces, no han sido suficientemente explicadas pero que nos ayudan a comprender los m\u00faltiples intereses del artista. As\u00ed, encontraremos las ilustraciones para diferentes obras de la literatura universal como por ejemplo: <em>Pages choisies de Don Quichotte de la Mancha<\/em> de Miguel de Cervantes (1957); <em>Le Ch\u00e2teau d&#8217;Otrante<\/em> de Horace Walpole (1964) o <em>Alice&#8217;s adventures in Wonderland<\/em> de Lewis Carroll (1969), ejemplares de la colecci\u00f3n de la Fundaci\u00f3n Dal\u00ed.<\/p>\n<p>Esta importante retrospectiva incluye un gran n\u00famero de piezas documentales que acompa\u00f1an las pinturas exhibidas. Los documentos, todos ellos provenientes del archivo del Centro de Estudios Dalinianos, refuerzan el di\u00e1logo que se establece entre las pinturas que se presentan y permiten, adem\u00e1s, hacer un recorrido biogr\u00e1fico y a la vez art\u00edstico por la trayectoria del pintor. De ellos destacamos dos libros en los que colabor\u00f3 de forma activa realizando el frontispicio de ambos y son: <em>L&#8217;Immacul\u00e9e conception <\/em>de Andr\u00e9 Breton y Paul \u00c9luard de 1930 y <em>Onan <\/em>de Georges Hugnet de 1934. La incursi\u00f3n del pintor en el mundo del celuloide se completa con la proyecci\u00f3n del film de Alfred Hitchcock, <em>Recuerda <\/em>(1945) cuyas secuencias del sue\u00f1o fueron dise\u00f1adas por Salvador Dal\u00ed.<\/p>\n<p>Con esta muestra, se propone una mirada que ayude a entender a Dal\u00ed en todas sus vertientes: pintor, dibujante, pensador, escritor, apasionado por la ciencia, catalizador de las corrientes de vanguardia, ilustrador, dise\u00f1ador, cineasta, escen\u00f3grafo. Tambi\u00e9n como inconformista, con una actuaci\u00f3n personal capaz de percibir la creciente importancia de la cultura de masas y, evidentemente, como artista que experimenta en todos los campos de la creaci\u00f3n incluso los m\u00e1s innovadores como las instalaciones y las performances.<\/p>\n<p>Esta exposici\u00f3n cuenta con la inestimable colaboraci\u00f3n del Instituto Tomie Ohtake, el patrocinio de Arteris (filial de Abertis en Brasil), Banco do Brasil, IRB, MAPFRE, Telef\u00f3nica y el apoyo de Atento, Brasilcap y Prosegur.<\/p>\n","protected":false},"excerpt":{"rendered":"<p>Hoy se inaugura la exposici\u00f3n Salvador Dal\u00ed en el Centro Cultural do\u00a0Banco do Brasil, en Rio de Janiero, organizada por la Fundaci\u00f3n Dal\u00ed junto con el Museo Reina Sof\u00eda de Madrid, el Salvador Dal\u00ed Museum de San Petersburgo (Florida) y el Instituto Tomie Ohtake (Brasil). Consta de un recorrido por obras de todas las \u00e9pocas, [&hellip;]<\/p>\n","protected":false},"featured_media":4935,"menu_order":0,"template":"","format":"standard","meta":{"_acf_changed":false,"_coblocks_attr":"","_coblocks_dimensions":"","_coblocks_responsive_height":"","_coblocks_accordion_ie_support":""},"categoria-actualitat":[117],"class_list":["post-9048","noticia","type-noticia","status-publish","format-standard","has-post-thumbnail","hentry","categoria-actualitat-exposiciones"],"acf":[],"_links":{"self":[{"href":"https:\/\/webdali.latempesta.eu\/es\/wp-json\/wp\/v2\/noticia\/9048","targetHints":{"allow":["GET"]}}],"collection":[{"href":"https:\/\/webdali.latempesta.eu\/es\/wp-json\/wp\/v2\/noticia"}],"about":[{"href":"https:\/\/webdali.latempesta.eu\/es\/wp-json\/wp\/v2\/types\/noticia"}],"wp:featuredmedia":[{"embeddable":true,"href":"https:\/\/webdali.latempesta.eu\/es\/wp-json\/wp\/v2\/media\/4935"}],"wp:attachment":[{"href":"https:\/\/webdali.latempesta.eu\/es\/wp-json\/wp\/v2\/media?parent=9048"}],"wp:term":[{"taxonomy":"categoria-actualitat","embeddable":true,"href":"https:\/\/webdali.latempesta.eu\/es\/wp-json\/wp\/v2\/categoria-actualitat?post=9048"}],"curies":[{"name":"wp","href":"https:\/\/api.w.org\/{rel}","templated":true}]}}