{"id":9084,"date":"2014-01-16T00:00:00","date_gmt":"2014-01-15T22:00:00","guid":{"rendered":"https:\/\/webdali.latempesta.eu\/fundacio-dali\/noticia\/apadrinament-de-l-escola-salvador-dali-de-figueres\/"},"modified":"2025-06-26T10:11:31","modified_gmt":"2025-06-26T08:11:31","slug":"apadrinamiento-del-colegio-salvador-dali-de-figueres","status":"publish","type":"noticia","link":"https:\/\/webdali.latempesta.eu\/es\/fundacion-dali\/noticia\/apadrinamiento-del-colegio-salvador-dali-de-figueres\/","title":{"rendered":"Apadrinamiento del colegio Salvador Dal\u00ed de Figueres"},"content":{"rendered":"<p>El Secretario General de la Fundaci\u00f3n Dal\u00ed, Llu\u00eds Pe\u00f1uelas y, en nombre del colegio, su directora, Maria Carreras, han firmado un convenio de colaboraci\u00f3n cuyo objetivo principal es fomentar el arte desde la infancia, empezar a aprender el lenguaje creativo de Salvador Dal\u00ed e interpretar su legado art\u00edstico.<\/p>\n<p>En particular, ambas partes se comprometen a llevar a cabo el proyecto titulado <strong>DAL\u00cd-ART, el museu entra a l\u2019escola,<\/strong> que pretende potenciar el \u00e1rea visual y pl\u00e1stica y el conocimiento de la obra de Dal\u00ed entre los m\u00e1s de 400 alumnos de Infantil y Primaria de este centro escolar. Este proyecto se realiza a lo largo del curso 2013-2014 y se consolida en una exposici\u00f3n interactiva en la escuela.<\/p>\n<p>Como primeras acciones del acuerdo, la Fundaci\u00f3n ha invitado a todo el alumnado de la escuela a participar en las visitas guiadas del museo y, tambi\u00e9n, a todo el profesorado, que el pasado s\u00e1bado 18 de enero visitaron el museo acompa\u00f1ados por una de sus especialistas.<\/p>\n<p>El colegio Salvador Dal\u00ed abri\u00f3 sus puertas el d\u00eda 23 de octubre de 1973 y, entre las personalidades que asistieron al acto inaugural, se encontraba el artista ampurdan\u00e9s.<\/p>\n","protected":false},"excerpt":{"rendered":"<p>El Secretario General de la Fundaci\u00f3n Dal\u00ed, Llu\u00eds Pe\u00f1uelas y, en nombre del colegio, su directora, Maria Carreras, han firmado un convenio de colaboraci\u00f3n cuyo objetivo principal es fomentar el arte desde la infancia, empezar a aprender el lenguaje creativo de Salvador Dal\u00ed e interpretar su legado art\u00edstico. En particular, ambas partes se comprometen a [&hellip;]<\/p>\n","protected":false},"featured_media":4870,"menu_order":0,"template":"","format":"standard","meta":{"_acf_changed":false,"_coblocks_attr":"","_coblocks_dimensions":"","_coblocks_responsive_height":"","_coblocks_accordion_ie_support":""},"categoria-actualitat":[118],"class_list":["post-9084","noticia","type-noticia","status-publish","format-standard","has-post-thumbnail","hentry","categoria-actualitat-fundacion-gala-salvador-dali"],"acf":[],"_links":{"self":[{"href":"https:\/\/webdali.latempesta.eu\/es\/wp-json\/wp\/v2\/noticia\/9084","targetHints":{"allow":["GET"]}}],"collection":[{"href":"https:\/\/webdali.latempesta.eu\/es\/wp-json\/wp\/v2\/noticia"}],"about":[{"href":"https:\/\/webdali.latempesta.eu\/es\/wp-json\/wp\/v2\/types\/noticia"}],"wp:featuredmedia":[{"embeddable":true,"href":"https:\/\/webdali.latempesta.eu\/es\/wp-json\/wp\/v2\/media\/4870"}],"wp:attachment":[{"href":"https:\/\/webdali.latempesta.eu\/es\/wp-json\/wp\/v2\/media?parent=9084"}],"wp:term":[{"taxonomy":"categoria-actualitat","embeddable":true,"href":"https:\/\/webdali.latempesta.eu\/es\/wp-json\/wp\/v2\/categoria-actualitat?post=9084"}],"curies":[{"name":"wp","href":"https:\/\/api.w.org\/{rel}","templated":true}]}}