{"id":9114,"date":"2013-08-30T00:00:00","date_gmt":"2013-08-29T22:00:00","guid":{"rendered":"https:\/\/webdali.latempesta.eu\/fundacio-dali\/noticia\/acustiqueta-al-teatre-museu-dali\/"},"modified":"2025-06-30T09:50:59","modified_gmt":"2025-06-30T07:50:59","slug":"acustiqueta-en-el-teatro-museo-dali","status":"publish","type":"noticia","link":"https:\/\/webdali.latempesta.eu\/es\/fundacion-dali\/noticia\/acustiqueta-en-el-teatro-museo-dali\/","title":{"rendered":"\u00abAcustiqueta\u00bb en el Teatro-Museo Dal\u00ed"},"content":{"rendered":"<p>Con motivo de la programaci\u00f3n infantil que organiza el Festival Ac\u00fastica, en la que colaboran los museos de Figueres, el Teatro-Museo Dal\u00ed hace una propuesta did\u00e1ctica en formato visita-taller familiar relacionada con las referencias musicales que se encuentran en la obra del artista.<\/p>\n<p>\u00a0<\/p>\n<p>La ficha es la siguiente:<\/p>\n<p>\u00a0<\/p>\n<p>T\u00edtulo: <strong>FLORES QUE CANTAN<\/strong><br \/>\n\u00a0<\/p>\n<p>Formato: Visita-taller familiar<br \/>\n\u00a0<\/p>\n<p>Lugar: Teatro-Museo Dal\u00ed de Figueres<br \/>\n\u00a0<\/p>\n<p>D\u00edas 30 y 31 de agosto, dos sesiones diarias, a las 16h y a las 18h<br \/>\n\u00a0<\/p>\n<p>Durada del taller: 1h45\u2019<br \/>\n\u00a0<\/p>\n<p>Edades recomendadas: de 5 a 12 a\u00f1os<br \/>\n\u00a0<\/p>\n<p>Precios:<br \/>\n-entrada al museo: gratis hasta los 8 a\u00f1os, 5 \u20ac a partir de 9 a\u00f1os<br \/>\nGratis para la Asoc. Amics dels Museus Dal\u00ed.<br \/>\n-actividad: 5 \u20ac\/persona (ni\u00f1os y adultos)<br \/>\n\u00a0<\/p>\n<p>Todos los ni\u00f1os deben ir acompa\u00f1ados por 1 adulto como m\u00ednimo<br \/>\n\u00a0<\/p>\n<p>Plazas limitadas (25 personas\/sesi\u00f3n)<br \/>\n\u00a0<\/p>\n<p>Propuesta: se realiza un breve recorrido al Teatro-Museo acompa\u00f1ados por gu\u00edas del Servicio Educativo que muestran aspectos relacionados con la m\u00fasica. A continuaci\u00f3n se invita a los participantes a asistir al taller inspirado en la obra <em>Lilium musicum<\/em>.<br \/>\n\u00a0<\/p>\n<p>Reservas (a partir del 19 de agosto): difusio@fundaciodali.org y tel\u00e9fonos 972 677 518 \/ 972 677 505.<\/p>\n","protected":false},"excerpt":{"rendered":"<p>Con motivo de la programaci\u00f3n infantil que organiza el Festival Ac\u00fastica, en la que colaboran los museos de Figueres, el Teatro-Museo Dal\u00ed hace una propuesta did\u00e1ctica en formato visita-taller familiar relacionada con las referencias musicales que se encuentran en la obra del artista. \u00a0 La ficha es la siguiente: \u00a0 T\u00edtulo: FLORES QUE CANTAN \u00a0 [&hellip;]<\/p>\n","protected":false},"featured_media":4835,"menu_order":0,"template":"","format":"standard","meta":{"_acf_changed":false,"_coblocks_attr":"","_coblocks_dimensions":"","_coblocks_responsive_height":"","_coblocks_accordion_ie_support":""},"categoria-actualitat":[],"class_list":["post-9114","noticia","type-noticia","status-publish","format-standard","has-post-thumbnail","hentry"],"acf":[],"_links":{"self":[{"href":"https:\/\/webdali.latempesta.eu\/es\/wp-json\/wp\/v2\/noticia\/9114","targetHints":{"allow":["GET"]}}],"collection":[{"href":"https:\/\/webdali.latempesta.eu\/es\/wp-json\/wp\/v2\/noticia"}],"about":[{"href":"https:\/\/webdali.latempesta.eu\/es\/wp-json\/wp\/v2\/types\/noticia"}],"wp:featuredmedia":[{"embeddable":true,"href":"https:\/\/webdali.latempesta.eu\/es\/wp-json\/wp\/v2\/media\/4835"}],"wp:attachment":[{"href":"https:\/\/webdali.latempesta.eu\/es\/wp-json\/wp\/v2\/media?parent=9114"}],"wp:term":[{"taxonomy":"categoria-actualitat","embeddable":true,"href":"https:\/\/webdali.latempesta.eu\/es\/wp-json\/wp\/v2\/categoria-actualitat?post=9114"}],"curies":[{"name":"wp","href":"https:\/\/api.w.org\/{rel}","templated":true}]}}