{"id":9120,"date":"2013-07-15T00:00:00","date_gmt":"2013-07-14T22:00:00","guid":{"rendered":"https:\/\/webdali.latempesta.eu\/fundacio-dali\/noticia\/estiu-surrealista\/"},"modified":"2025-06-26T10:11:31","modified_gmt":"2025-06-26T08:11:31","slug":"verano-surrealista","status":"publish","type":"noticia","link":"https:\/\/webdali.latempesta.eu\/es\/fundacion-dali\/noticia\/verano-surrealista\/","title":{"rendered":"VERANO SURREALISTA"},"content":{"rendered":"<p>Te proponemos una semana surrealista, con talleres y actividades diferentes cada d\u00eda. Tienes que tener entre 6 y 12 a\u00f1os y, sobre todo, mucha imaginaci\u00f3n y ganas de pas\u00e1rtelo bien! Estamparemos camisetas, haremos joyas y otras obras surrealistas; descubriremos cada d\u00eda un trocito del Museo y tambi\u00e9n nos pasearemos por la ciudad de Dal\u00ed y, a trav\u00e9s de la c\u00e1mara fotogr\u00e1fica, grabaremos, daremos la vuelta y \u00absurrealizaremos\u00bb \u00a0la realidad!\u00a0<\/p>\n<p><strong>Semana surrealista:<\/strong><\/p>\n<p>Desde el 15 hasta el 19 de julio de 2013<\/p>\n<p>Ma\u00f1anas, de 9 a 14 h<\/p>\n<p>Edades: 6 &#8211; 12 a\u00f1os<\/p>\n<p><strong>Tarifas:<\/strong><\/p>\n<p>1 d\u00eda suelto: 25 Euros \/ 22,5 Euros para los Amigos de los Museos Dal\u00ed<\/p>\n<p>1 semana: 100 Euros \/ 90 Euros para los Amigos de los Museos Dal\u00ed<\/p>\n<p>Para m\u00e1s informaciones e inscripciones: Servicio Educativo de la Fundaci\u00f3 Dal\u00ed <a href=\"mailto:difusio(ELIMINAR)@fundaciodali.org\">difusio(ELIMINAR)@fundaciodali.org<\/a><\/p>\n<p>Tel: 972 67 75 18<\/p>\n<p><strong>Plazas limitadas.<\/strong><\/p>\n","protected":false},"excerpt":{"rendered":"<p>Te proponemos una semana surrealista, con talleres y actividades diferentes cada d\u00eda. Tienes que tener entre 6 y 12 a\u00f1os y, sobre todo, mucha imaginaci\u00f3n y ganas de pas\u00e1rtelo bien! Estamparemos camisetas, haremos joyas y otras obras surrealistas; descubriremos cada d\u00eda un trocito del Museo y tambi\u00e9n nos pasearemos por la ciudad de Dal\u00ed y, [&hellip;]<\/p>\n","protected":false},"featured_media":4810,"menu_order":0,"template":"","format":"standard","meta":{"_acf_changed":false,"_coblocks_attr":"","_coblocks_dimensions":"","_coblocks_responsive_height":"","_coblocks_accordion_ie_support":""},"categoria-actualitat":[114,119],"class_list":["post-9120","noticia","type-noticia","status-publish","format-standard","has-post-thumbnail","hentry","categoria-actualitat-actividades","categoria-actualitat-museos"],"acf":[],"_links":{"self":[{"href":"https:\/\/webdali.latempesta.eu\/es\/wp-json\/wp\/v2\/noticia\/9120","targetHints":{"allow":["GET"]}}],"collection":[{"href":"https:\/\/webdali.latempesta.eu\/es\/wp-json\/wp\/v2\/noticia"}],"about":[{"href":"https:\/\/webdali.latempesta.eu\/es\/wp-json\/wp\/v2\/types\/noticia"}],"wp:featuredmedia":[{"embeddable":true,"href":"https:\/\/webdali.latempesta.eu\/es\/wp-json\/wp\/v2\/media\/4810"}],"wp:attachment":[{"href":"https:\/\/webdali.latempesta.eu\/es\/wp-json\/wp\/v2\/media?parent=9120"}],"wp:term":[{"taxonomy":"categoria-actualitat","embeddable":true,"href":"https:\/\/webdali.latempesta.eu\/es\/wp-json\/wp\/v2\/categoria-actualitat?post=9120"}],"curies":[{"name":"wp","href":"https:\/\/api.w.org\/{rel}","templated":true}]}}