{"id":9144,"date":"2013-04-18T00:00:00","date_gmt":"2013-04-17T22:00:00","guid":{"rendered":"https:\/\/webdali.latempesta.eu\/fundacio-dali\/noticia\/horari-especial-de-setmana-santa-3\/"},"modified":"2025-06-26T10:11:32","modified_gmt":"2025-06-26T08:11:32","slug":"horario-especial-semana-santa-3","status":"publish","type":"noticia","link":"https:\/\/webdali.latempesta.eu\/es\/fundacion-dali\/noticia\/horario-especial-semana-santa-3\/","title":{"rendered":"Horario especial Semana Santa"},"content":{"rendered":"<p>Horario especial de los Museos Dal\u00ed en Semana Santa:<\/p>\n<p>El Teatro-Museo Dal\u00ed de <strong>Figueres<\/strong> abre excepcionalmente los lunes 18 y 25 de marzo y el 1 de abril. El horario es de 9:30h a 18h. El \u00faltimo acceso es a las 17:15h. El Viernes Santo, S\u00e1bado y Domingo de Pascua el horario de apertura es tambi\u00e9n especial: de las 9h a las 20h. El \u00faltimo acceso es a las 19:15h.<\/p>\n<p>La casa-museo Salvador Dal\u00ed de <strong>Portlligat<\/strong> abre excepcionalmente los lunes 25 de marzo y el 1 de abril. El lunes 18 de marzo estar\u00e1 cerrado. El horario es de 10:30h a 18h, el \u00faltimo acceso es a las 17:10h.<\/p>\n<p>El Castillo Gala Dal\u00ed de <strong>P\u00fabol<\/strong> abrir\u00e1 de nuevo sus puertas esta temporada el viernes 15 de marzo. Durante la Semana Santa, abrir\u00e1 excepcionalmente los lunes 25 de marzo y el 1 de abril. El lunes 18 de marzo estar\u00e1 cerrado. El horario es de 10h a 18h, el \u00faltimo acceso es a las 17:15h.<\/p>\n<p><strong>En el Castillo de P\u00fabol<\/strong> se ofrecen visitas comentadas de forma gratuita el viernes 29 y s\u00e1bado 30 de marzo en los siguientes horarios:<\/p>\n<p>&#8211; CASTELLANO a las 10:30h y a las 15:30h<\/p>\n<p>&#8211; CATAL\u00c1N a las 11:30h y a las 13h<\/p>\n<p>Se admite un m\u00e1ximo de 20 personas en cada sesi\u00f3n.<\/p>\n","protected":false},"excerpt":{"rendered":"<p>Horario especial de los Museos Dal\u00ed en Semana Santa: El Teatro-Museo Dal\u00ed de Figueres abre excepcionalmente los lunes 18 y 25 de marzo y el 1 de abril. El horario es de 9:30h a 18h. El \u00faltimo acceso es a las 17:15h. El Viernes Santo, S\u00e1bado y Domingo de Pascua el horario de apertura es [&hellip;]<\/p>\n","protected":false},"featured_media":4770,"menu_order":0,"template":"","format":"standard","meta":{"_acf_changed":false,"_coblocks_attr":"","_coblocks_dimensions":"","_coblocks_responsive_height":"","_coblocks_accordion_ie_support":""},"categoria-actualitat":[119],"class_list":["post-9144","noticia","type-noticia","status-publish","format-standard","has-post-thumbnail","hentry","categoria-actualitat-museos"],"acf":[],"_links":{"self":[{"href":"https:\/\/webdali.latempesta.eu\/es\/wp-json\/wp\/v2\/noticia\/9144","targetHints":{"allow":["GET"]}}],"collection":[{"href":"https:\/\/webdali.latempesta.eu\/es\/wp-json\/wp\/v2\/noticia"}],"about":[{"href":"https:\/\/webdali.latempesta.eu\/es\/wp-json\/wp\/v2\/types\/noticia"}],"wp:featuredmedia":[{"embeddable":true,"href":"https:\/\/webdali.latempesta.eu\/es\/wp-json\/wp\/v2\/media\/4770"}],"wp:attachment":[{"href":"https:\/\/webdali.latempesta.eu\/es\/wp-json\/wp\/v2\/media?parent=9144"}],"wp:term":[{"taxonomy":"categoria-actualitat","embeddable":true,"href":"https:\/\/webdali.latempesta.eu\/es\/wp-json\/wp\/v2\/categoria-actualitat?post=9144"}],"curies":[{"name":"wp","href":"https:\/\/api.w.org\/{rel}","templated":true}]}}