{"id":9174,"date":"2012-07-28T00:00:00","date_gmt":"2012-07-27T22:00:00","guid":{"rendered":"https:\/\/webdali.latempesta.eu\/fundacio-dali\/noticia\/el-museu-dali-obre-de-nit\/"},"modified":"2025-06-26T10:11:32","modified_gmt":"2025-06-26T08:11:32","slug":"el-museo-dali-abre-de-noche","status":"publish","type":"noticia","link":"https:\/\/webdali.latempesta.eu\/es\/fundacion-dali\/noticia\/el-museo-dali-abre-de-noche\/","title":{"rendered":"El museo Dal\u00ed abre de noche"},"content":{"rendered":"<p>Venid a disfrutar las noches de verano en el Teatro-Museo Dal\u00ed de Figueres desde el 28 de julio hasta el 1 de septiembre, de las diez de la noche a la una de la madrugada (la puerta de acceso cierra a las doce y media o cuando se han agotado las 500 entradas). Podr\u00e9is tomar una copa de cava rosado en una de las terrazas, donde se proyectan audiovisuales sobre Salvador Dal\u00ed. Comprad las <a href=\"https:\/\/webdali.latempesta.eu\/serveis\/es_entrades\/\">entradas anticipadas<\/a> en nuestra web. <a href=\"\/museus\/teatre-museu-dali\/museu-dali-de-nit\/es_index\/\">Aqu\u00ed <\/a>encontrar\u00e9is m\u00e1s informaci\u00f3n sobre la apertura nocturna. Este a\u00f1o se a\u00f1ade otro atractivo: la <a href=\"\/serveis\/premsa\/noticias\/219\/prestamo-temporal-de-la-obra-depart-homenaje-al-noticiario-fox\">exposici\u00f3n temporal<\/a> de la pintura\u00a0<em>Depart. Homenaje al Noticiario Fox<\/em> en la Sala de las Loggias.<\/p>\n","protected":false},"excerpt":{"rendered":"<p>Venid a disfrutar las noches de verano en el Teatro-Museo Dal\u00ed de Figueres desde el 28 de julio hasta el 1 de septiembre, de las diez de la noche a la una de la madrugada (la puerta de acceso cierra a las doce y media o cuando se han agotado las 500 entradas). Podr\u00e9is tomar [&hellip;]<\/p>\n","protected":false},"featured_media":4725,"menu_order":0,"template":"","format":"standard","meta":{"_acf_changed":false,"_coblocks_attr":"","_coblocks_dimensions":"","_coblocks_responsive_height":"","_coblocks_accordion_ie_support":""},"categoria-actualitat":[119],"class_list":["post-9174","noticia","type-noticia","status-publish","format-standard","has-post-thumbnail","hentry","categoria-actualitat-museos"],"acf":[],"_links":{"self":[{"href":"https:\/\/webdali.latempesta.eu\/es\/wp-json\/wp\/v2\/noticia\/9174","targetHints":{"allow":["GET"]}}],"collection":[{"href":"https:\/\/webdali.latempesta.eu\/es\/wp-json\/wp\/v2\/noticia"}],"about":[{"href":"https:\/\/webdali.latempesta.eu\/es\/wp-json\/wp\/v2\/types\/noticia"}],"wp:featuredmedia":[{"embeddable":true,"href":"https:\/\/webdali.latempesta.eu\/es\/wp-json\/wp\/v2\/media\/4725"}],"wp:attachment":[{"href":"https:\/\/webdali.latempesta.eu\/es\/wp-json\/wp\/v2\/media?parent=9174"}],"wp:term":[{"taxonomy":"categoria-actualitat","embeddable":true,"href":"https:\/\/webdali.latempesta.eu\/es\/wp-json\/wp\/v2\/categoria-actualitat?post=9174"}],"curies":[{"name":"wp","href":"https:\/\/api.w.org\/{rel}","templated":true}]}}