{"id":9186,"date":"2012-07-02T00:00:00","date_gmt":"2012-07-01T22:00:00","guid":{"rendered":"https:\/\/webdali.latempesta.eu\/fundacio-dali\/noticia\/reconeixement-de-comerc-de-figueres-a-ramon-boixados\/"},"modified":"2025-06-26T10:11:32","modified_gmt":"2025-06-26T08:11:32","slug":"reconocimiento-de-comerc-de-figueres-a-ramon-boixados","status":"publish","type":"noticia","link":"https:\/\/webdali.latempesta.eu\/es\/fundacion-dali\/noticia\/reconocimiento-de-comerc-de-figueres-a-ramon-boixados\/","title":{"rendered":"Reconocimiento de Comer\u00e7 de Figueres a Ramon Boixad\u00f3s"},"content":{"rendered":"<p>Ramon Boixad\u00f3s, presidente de la Fundaci\u00f3 Gala-Salvador Dal\u00ed, ha sido nombrado Asociado de Honor por Comer\u00e7 de Figueres. El acto se ha celebrado en el Ayuntamiento de Figueres con la participaci\u00f3n del presidente de la asociaci\u00f3n de comerciantes, Jordi Rotllan, y el alcalde de Figueres, Santi Vila.<\/p>\n","protected":false},"excerpt":{"rendered":"<p>Ramon Boixad\u00f3s, presidente de la Fundaci\u00f3 Gala-Salvador Dal\u00ed, ha sido nombrado Asociado de Honor por Comer\u00e7 de Figueres. El acto se ha celebrado en el Ayuntamiento de Figueres con la participaci\u00f3n del presidente de la asociaci\u00f3n de comerciantes, Jordi Rotllan, y el alcalde de Figueres, Santi Vila.<\/p>\n","protected":false},"featured_media":4715,"menu_order":0,"template":"","format":"standard","meta":{"_acf_changed":false,"_coblocks_attr":"","_coblocks_dimensions":"","_coblocks_responsive_height":"","_coblocks_accordion_ie_support":""},"categoria-actualitat":[118],"class_list":["post-9186","noticia","type-noticia","status-publish","format-standard","has-post-thumbnail","hentry","categoria-actualitat-fundacion-gala-salvador-dali"],"acf":[],"_links":{"self":[{"href":"https:\/\/webdali.latempesta.eu\/es\/wp-json\/wp\/v2\/noticia\/9186","targetHints":{"allow":["GET"]}}],"collection":[{"href":"https:\/\/webdali.latempesta.eu\/es\/wp-json\/wp\/v2\/noticia"}],"about":[{"href":"https:\/\/webdali.latempesta.eu\/es\/wp-json\/wp\/v2\/types\/noticia"}],"wp:featuredmedia":[{"embeddable":true,"href":"https:\/\/webdali.latempesta.eu\/es\/wp-json\/wp\/v2\/media\/4715"}],"wp:attachment":[{"href":"https:\/\/webdali.latempesta.eu\/es\/wp-json\/wp\/v2\/media?parent=9186"}],"wp:term":[{"taxonomy":"categoria-actualitat","embeddable":true,"href":"https:\/\/webdali.latempesta.eu\/es\/wp-json\/wp\/v2\/categoria-actualitat?post=9186"}],"curies":[{"name":"wp","href":"https:\/\/api.w.org\/{rel}","templated":true}]}}