{"id":9189,"date":"2012-06-27T00:00:00","date_gmt":"2012-06-26T22:00:00","guid":{"rendered":"https:\/\/webdali.latempesta.eu\/fundacio-dali\/noticia\/entrada-anticipada-al-teatre-museu-dali-2\/"},"modified":"2025-06-26T10:11:32","modified_gmt":"2025-06-26T08:11:32","slug":"entrada-anticipada-para-el-teatro-museo-dali","status":"publish","type":"noticia","link":"https:\/\/webdali.latempesta.eu\/es\/fundacion-dali\/noticia\/entrada-anticipada-para-el-teatro-museo-dali\/","title":{"rendered":"Entrada anticipada para el Teatro-Museo Dal\u00ed"},"content":{"rendered":"<p>Ya\u00a0pueden comprarse entradas individuales anticipadas para visitar el Teatro-Museo Dal\u00ed de Figueres, durante los d\u00edas comprendidos entre el 15 de julio y el 31 de agosto, en\u00a0un horario determinado:\u00a0entre las 17h\u00a0y las 18:30h, a trav\u00e9s de nuestra <a href=\"https:\/\/webdali.latempesta.eu\/serveis\/es_entrades\/\">web <\/a>o de los terminales de \u00abla Caixa\u00bb. Con la entrada anticipada, al precio \u00fanico de 12 Euros, entrar\u00e9is directamente por el acceso que se habilitar\u00e1 a tal efecto.<\/p>\n<p>Como en a\u00f1os anteriores, tambi\u00e9n pod\u00e9is adquirir la entrada con antelaci\u00f3n on line a trav\u00e9s de esta <a href=\"https:\/\/webdali.latempesta.eu\/serveis\/es_entrades\/\">web <\/a>durante el mes de agosto para la <a href=\"\/museus\/teatre-museu-dali\/museu-dali-de-nit\/es_index\/\">visita nocturna<\/a> (del 28 de julio al 1 de septiembre).<\/p>\n","protected":false},"excerpt":{"rendered":"<p>Ya\u00a0pueden comprarse entradas individuales anticipadas para visitar el Teatro-Museo Dal\u00ed de Figueres, durante los d\u00edas comprendidos entre el 15 de julio y el 31 de agosto, en\u00a0un horario determinado:\u00a0entre las 17h\u00a0y las 18:30h, a trav\u00e9s de nuestra web o de los terminales de \u00abla Caixa\u00bb. Con la entrada anticipada, al precio \u00fanico de 12 Euros, [&hellip;]<\/p>\n","protected":false},"featured_media":4625,"menu_order":0,"template":"","format":"standard","meta":{"_acf_changed":false,"_coblocks_attr":"","_coblocks_dimensions":"","_coblocks_responsive_height":"","_coblocks_accordion_ie_support":""},"categoria-actualitat":[119],"class_list":["post-9189","noticia","type-noticia","status-publish","format-standard","has-post-thumbnail","hentry","categoria-actualitat-museos"],"acf":[],"_links":{"self":[{"href":"https:\/\/webdali.latempesta.eu\/es\/wp-json\/wp\/v2\/noticia\/9189","targetHints":{"allow":["GET"]}}],"collection":[{"href":"https:\/\/webdali.latempesta.eu\/es\/wp-json\/wp\/v2\/noticia"}],"about":[{"href":"https:\/\/webdali.latempesta.eu\/es\/wp-json\/wp\/v2\/types\/noticia"}],"wp:featuredmedia":[{"embeddable":true,"href":"https:\/\/webdali.latempesta.eu\/es\/wp-json\/wp\/v2\/media\/4625"}],"wp:attachment":[{"href":"https:\/\/webdali.latempesta.eu\/es\/wp-json\/wp\/v2\/media?parent=9189"}],"wp:term":[{"taxonomy":"categoria-actualitat","embeddable":true,"href":"https:\/\/webdali.latempesta.eu\/es\/wp-json\/wp\/v2\/categoria-actualitat?post=9189"}],"curies":[{"name":"wp","href":"https:\/\/api.w.org\/{rel}","templated":true}]}}