{"id":9198,"date":"2012-03-27T00:00:00","date_gmt":"2012-03-26T22:00:00","guid":{"rendered":"https:\/\/webdali.latempesta.eu\/fundacio-dali\/noticia\/es-presenta-la-memoria-2011\/"},"modified":"2025-06-26T10:11:34","modified_gmt":"2025-06-26T08:11:34","slug":"se-presenta-la-memoria-2011","status":"publish","type":"noticia","link":"https:\/\/webdali.latempesta.eu\/es\/fundacion-dali\/noticia\/se-presenta-la-memoria-2011\/","title":{"rendered":"Se presenta la Memoria 2011"},"content":{"rendered":"<p>La Fundaci\u00f3 Gala-Salvador Dal\u00ed ha presentado en la sala de conferencias del nuevo edificio de oficinas, delante de Torre Galatea (Figueres), la Memoria Anual de Actividades y Econ\u00f3mica correspondiente al ejercicio 2011, despu\u00e9s de que se reuniera el Patronato en sesi\u00f3n ordinaria. La presentaci\u00f3n del informe ha sido responsabilidad de Montse Aguer, directora del Centro de Estudios Dalinianos, Llu\u00eds Pe\u00f1uelas, secretario general, y Joan Manuel Sevillano, gerente.<\/p>\n<p>Aqu\u00ed pod\u00e9is consultar la <a href=\"\/media\/upload\/arxius\/memories\/Memoria2011CATesp.pdf\">Memoria 2011<\/a> en catal\u00e1n\/castellano.<\/p>\n","protected":false},"excerpt":{"rendered":"<p>La Fundaci\u00f3 Gala-Salvador Dal\u00ed ha presentado en la sala de conferencias del nuevo edificio de oficinas, delante de Torre Galatea (Figueres), la Memoria Anual de Actividades y Econ\u00f3mica correspondiente al ejercicio 2011, despu\u00e9s de que se reuniera el Patronato en sesi\u00f3n ordinaria. La presentaci\u00f3n del informe ha sido responsabilidad de Montse Aguer, directora del Centro [&hellip;]<\/p>\n","protected":false},"featured_media":4690,"menu_order":0,"template":"","format":"standard","meta":{"_acf_changed":false,"_coblocks_attr":"","_coblocks_dimensions":"","_coblocks_responsive_height":"","_coblocks_accordion_ie_support":""},"categoria-actualitat":[118,120],"class_list":["post-9198","noticia","type-noticia","status-publish","format-standard","has-post-thumbnail","hentry","categoria-actualitat-fundacion-gala-salvador-dali","categoria-actualitat-publicaciones"],"acf":[],"_links":{"self":[{"href":"https:\/\/webdali.latempesta.eu\/es\/wp-json\/wp\/v2\/noticia\/9198","targetHints":{"allow":["GET"]}}],"collection":[{"href":"https:\/\/webdali.latempesta.eu\/es\/wp-json\/wp\/v2\/noticia"}],"about":[{"href":"https:\/\/webdali.latempesta.eu\/es\/wp-json\/wp\/v2\/types\/noticia"}],"wp:featuredmedia":[{"embeddable":true,"href":"https:\/\/webdali.latempesta.eu\/es\/wp-json\/wp\/v2\/media\/4690"}],"wp:attachment":[{"href":"https:\/\/webdali.latempesta.eu\/es\/wp-json\/wp\/v2\/media?parent=9198"}],"wp:term":[{"taxonomy":"categoria-actualitat","embeddable":true,"href":"https:\/\/webdali.latempesta.eu\/es\/wp-json\/wp\/v2\/categoria-actualitat?post=9198"}],"curies":[{"name":"wp","href":"https:\/\/api.w.org\/{rel}","templated":true}]}}