{"id":9231,"date":"2011-08-31T00:00:00","date_gmt":"2011-08-30T22:00:00","guid":{"rendered":"https:\/\/webdali.latempesta.eu\/fundacio-dali\/noticia\/ultima-nit-al-teatre-museu-dali\/"},"modified":"2025-06-26T10:11:34","modified_gmt":"2025-06-26T08:11:34","slug":"la-noche-blanca-en-el-teatro-museo-dali","status":"publish","type":"noticia","link":"https:\/\/webdali.latempesta.eu\/es\/fundacion-dali\/noticia\/la-noche-blanca-en-el-teatro-museo-dali\/","title":{"rendered":"La Noche Blanca en el Teatro-Museo Dal\u00ed"},"content":{"rendered":"<p>El Teatro-Museo Dal\u00ed se suma un a\u00f1o m\u00e1s a la iniciativa de la NOCHE BLANCA\u00a0y abre sus puertas gratuitamente la noche anterior\u00a0a la Diada de Catalunya, desde las\u00a022h\u00a0hasta la 1 de la madrugada. El \u00faltimo acceso es a las doce y media, en funci\u00f3n del aforo.<\/p>\n<p>El atractivo que este a\u00f1o se\u00a0a\u00f1ade a la visita del Teatro-Museo Dal\u00ed es la \u00faltima\u00a0adquisici\u00f3n de obra de Salvador Dal\u00ed que la Fundaci\u00f3n\u00a0present\u00f3 el pasado 27 de agosto.\u00a0Se trata de la pintura <em>Las ferias de Figueres, <\/em>expuesta\u00a0en la Sala de las Pescader\u00edas.<\/p>\n","protected":false},"excerpt":{"rendered":"<p>El Teatro-Museo Dal\u00ed se suma un a\u00f1o m\u00e1s a la iniciativa de la NOCHE BLANCA\u00a0y abre sus puertas gratuitamente la noche anterior\u00a0a la Diada de Catalunya, desde las\u00a022h\u00a0hasta la 1 de la madrugada. El \u00faltimo acceso es a las doce y media, en funci\u00f3n del aforo. El atractivo que este a\u00f1o se\u00a0a\u00f1ade a la visita [&hellip;]<\/p>\n","protected":false},"featured_media":4635,"menu_order":0,"template":"","format":"standard","meta":{"_acf_changed":false,"_coblocks_attr":"","_coblocks_dimensions":"","_coblocks_responsive_height":"","_coblocks_accordion_ie_support":""},"categoria-actualitat":[119],"class_list":["post-9231","noticia","type-noticia","status-publish","format-standard","has-post-thumbnail","hentry","categoria-actualitat-museos"],"acf":[],"_links":{"self":[{"href":"https:\/\/webdali.latempesta.eu\/es\/wp-json\/wp\/v2\/noticia\/9231","targetHints":{"allow":["GET"]}}],"collection":[{"href":"https:\/\/webdali.latempesta.eu\/es\/wp-json\/wp\/v2\/noticia"}],"about":[{"href":"https:\/\/webdali.latempesta.eu\/es\/wp-json\/wp\/v2\/types\/noticia"}],"wp:featuredmedia":[{"embeddable":true,"href":"https:\/\/webdali.latempesta.eu\/es\/wp-json\/wp\/v2\/media\/4635"}],"wp:attachment":[{"href":"https:\/\/webdali.latempesta.eu\/es\/wp-json\/wp\/v2\/media?parent=9231"}],"wp:term":[{"taxonomy":"categoria-actualitat","embeddable":true,"href":"https:\/\/webdali.latempesta.eu\/es\/wp-json\/wp\/v2\/categoria-actualitat?post=9231"}],"curies":[{"name":"wp","href":"https:\/\/api.w.org\/{rel}","templated":true}]}}