{"id":9321,"date":"2010-07-30T00:00:00","date_gmt":"2010-07-29T22:00:00","guid":{"rendered":"https:\/\/webdali.latempesta.eu\/fundacio-dali\/noticia\/conveni-amb-comerc-figueres\/"},"modified":"2025-06-26T10:11:37","modified_gmt":"2025-06-26T08:11:37","slug":"convenio-con-comerc-figueres","status":"publish","type":"noticia","link":"https:\/\/webdali.latempesta.eu\/es\/fundacion-dali\/noticia\/convenio-con-comerc-figueres\/","title":{"rendered":"Convenio con Comer\u00e7 Figueres"},"content":{"rendered":"<p>La Fundaci\u00f3 Gala-Salvador Dal\u00ed y la asociaci\u00f3n Comer\u00e7 Figueres han firmado un convenio de colaboraci\u00f3n. El objetivo de este convenio es la dinamizaci\u00f3n y promoci\u00f3n del comercio de la ciudad as\u00ed como la difusi\u00f3n del <a href=\"\/museus\/teatre-museu-dali\/museu-dali-de-nit\/es_index\/\">Teatro-Museo Dal\u00ed de Noche<\/a>, que abre sus puertas en horario nocturno de las 22 horas a la 1 de la madrugada, durante el mes de agosto.<\/p>\n<p>Concretamente, la Fundaci\u00f3n colabora aportando entradas del Teatro-Museo de Noche, que se sortear\u00e1n entre los usuarios de la <em>Targeta Comer\u00e7 Empord\u00e0,<\/em> y ofrece una visita especial a los comerciantes de Figueres la noche del 31 de agosto. Comer\u00e7 Figueres, por su lado, colabora promocionando el Teatro-Museo de Noche en sus canales habituales mediante la <em>Targeta Comer\u00e7 Empord\u00e0<\/em> y dando visibilidad de la iniciativa desde los propios comercios de la ciudad asociados\u00a0a Comer\u00e7 Figueres.<\/p>\n<p>La Fundaci\u00f3 Dal\u00ed valora este convenio como una iniciativa muy positiva en la promoci\u00f3n conjunta del museo y de la ciudad, poniendo al alcance del visitante del museo una experiencia m\u00e1s amplia y gratificante. Comer\u00e7 Figueres considera que es un paso importante para ampliar el trabajo en red y alcanzar mayores objetivos y colaboraciones en un futuro inmediato en beneficio del comercio y de la ciudad.<\/p>\n","protected":false},"excerpt":{"rendered":"<p>La Fundaci\u00f3 Gala-Salvador Dal\u00ed y la asociaci\u00f3n Comer\u00e7 Figueres han firmado un convenio de colaboraci\u00f3n. El objetivo de este convenio es la dinamizaci\u00f3n y promoci\u00f3n del comercio de la ciudad as\u00ed como la difusi\u00f3n del Teatro-Museo Dal\u00ed de Noche, que abre sus puertas en horario nocturno de las 22 horas a la 1 de la [&hellip;]<\/p>\n","protected":false},"featured_media":4499,"menu_order":0,"template":"","format":"standard","meta":{"_acf_changed":false,"_coblocks_attr":"","_coblocks_dimensions":"","_coblocks_responsive_height":"","_coblocks_accordion_ie_support":""},"categoria-actualitat":[118],"class_list":["post-9321","noticia","type-noticia","status-publish","format-standard","has-post-thumbnail","hentry","categoria-actualitat-fundacion-gala-salvador-dali"],"acf":[],"_links":{"self":[{"href":"https:\/\/webdali.latempesta.eu\/es\/wp-json\/wp\/v2\/noticia\/9321","targetHints":{"allow":["GET"]}}],"collection":[{"href":"https:\/\/webdali.latempesta.eu\/es\/wp-json\/wp\/v2\/noticia"}],"about":[{"href":"https:\/\/webdali.latempesta.eu\/es\/wp-json\/wp\/v2\/types\/noticia"}],"wp:featuredmedia":[{"embeddable":true,"href":"https:\/\/webdali.latempesta.eu\/es\/wp-json\/wp\/v2\/media\/4499"}],"wp:attachment":[{"href":"https:\/\/webdali.latempesta.eu\/es\/wp-json\/wp\/v2\/media?parent=9321"}],"wp:term":[{"taxonomy":"categoria-actualitat","embeddable":true,"href":"https:\/\/webdali.latempesta.eu\/es\/wp-json\/wp\/v2\/categoria-actualitat?post=9321"}],"curies":[{"name":"wp","href":"https:\/\/api.w.org\/{rel}","templated":true}]}}