{"id":9378,"date":"2009-11-13T00:00:00","date_gmt":"2009-11-12T22:00:00","guid":{"rendered":"https:\/\/webdali.latempesta.eu\/fundacio-dali\/noticia\/concedit-un-programa-avanza-contenidos\/"},"modified":"2025-06-26T10:11:37","modified_gmt":"2025-06-26T08:11:37","slug":"concedido-un-programa-avanza-contenidos","status":"publish","type":"noticia","link":"https:\/\/webdali.latempesta.eu\/es\/fundacion-dali\/noticia\/concedido-un-programa-avanza-contenidos\/","title":{"rendered":"Concedido un \u00abPrograma Avanza Contenidos\u00bb"},"content":{"rendered":"<p>Ante la inquietud de la Fundaci\u00f3n Gala-Salvador Dal\u00ed por crear nuevos contenidos digitales y espacios sociales de innovaci\u00f3n que muestren el elevado potencial para generar conocimiento, se present\u00f3 al Ministerio de Ind\u00fastria, Turismo y Comercio una solicitud de ayuda dentro del \u201cSubprograma Avanza Contenidos\u201d, que fue aprobada por parte del Ministerio.\u00a0Durante los pr\u00f3ximos meses podr\u00e1n verse cambios importantes en cuanto a los programas inform\u00e1ticos que tienen como objectivo dar a conocer la figura y la obra de Salvador Dal\u00ed, entre otros resultados.<\/p>\n","protected":false},"excerpt":{"rendered":"<p>Ante la inquietud de la Fundaci\u00f3n Gala-Salvador Dal\u00ed por crear nuevos contenidos digitales y espacios sociales de innovaci\u00f3n que muestren el elevado potencial para generar conocimiento, se present\u00f3 al Ministerio de Ind\u00fastria, Turismo y Comercio una solicitud de ayuda dentro del \u201cSubprograma Avanza Contenidos\u201d, que fue aprobada por parte del Ministerio.\u00a0Durante los pr\u00f3ximos meses podr\u00e1n [&hellip;]<\/p>\n","protected":false},"featured_media":4429,"menu_order":0,"template":"","format":"standard","meta":{"_acf_changed":false,"_coblocks_attr":"","_coblocks_dimensions":"","_coblocks_responsive_height":"","_coblocks_accordion_ie_support":""},"categoria-actualitat":[118],"class_list":["post-9378","noticia","type-noticia","status-publish","format-standard","has-post-thumbnail","hentry","categoria-actualitat-fundacion-gala-salvador-dali"],"acf":[],"_links":{"self":[{"href":"https:\/\/webdali.latempesta.eu\/es\/wp-json\/wp\/v2\/noticia\/9378","targetHints":{"allow":["GET"]}}],"collection":[{"href":"https:\/\/webdali.latempesta.eu\/es\/wp-json\/wp\/v2\/noticia"}],"about":[{"href":"https:\/\/webdali.latempesta.eu\/es\/wp-json\/wp\/v2\/types\/noticia"}],"wp:featuredmedia":[{"embeddable":true,"href":"https:\/\/webdali.latempesta.eu\/es\/wp-json\/wp\/v2\/media\/4429"}],"wp:attachment":[{"href":"https:\/\/webdali.latempesta.eu\/es\/wp-json\/wp\/v2\/media?parent=9378"}],"wp:term":[{"taxonomy":"categoria-actualitat","embeddable":true,"href":"https:\/\/webdali.latempesta.eu\/es\/wp-json\/wp\/v2\/categoria-actualitat?post=9378"}],"curies":[{"name":"wp","href":"https:\/\/api.w.org\/{rel}","templated":true}]}}