{"id":9438,"date":"2008-08-01T00:00:00","date_gmt":"2008-07-31T22:00:00","guid":{"rendered":"https:\/\/webdali.latempesta.eu\/fundacio-dali\/noticia\/dali-de-nit\/"},"modified":"2025-06-26T10:11:39","modified_gmt":"2025-06-26T08:11:39","slug":"dali-de-noche","status":"publish","type":"noticia","link":"https:\/\/webdali.latempesta.eu\/es\/fundacion-dali\/noticia\/dali-de-noche\/","title":{"rendered":"Dal\u00ed de Noche"},"content":{"rendered":"<p>Clicando <a href=\"https:\/\/webdali.latempesta.eu\/serveis\/es_entrades\/\">aqu\u00ed<\/a> podr\u00e9is adquirir las entradas para la <strong>apertura nocturna<\/strong> del Teatro-Museo Dal\u00ed de Figueres, durante el mes de agosto de 2008. Para acceder a otros servicios de compra o reserva de entradas\u00a0de los Museos Dal\u00ed, clicad <a href=\"https:\/\/webdali.latempesta.eu\/serveis\/es_entrades\/\">aqu\u00ed<\/a>.<\/p>\n<p>Para m\u00e1s informaci\u00f3n acerca de la edici\u00f3n del Dal\u00ed de Noche, visitad este <a href=\"\/museus\/teatre-museu-dali\/museu-dali-de-nit\/es_index\/\">enlace<\/a>.<\/p>\n<p>Como novedad, pueden verse durante todo el verano y en horario tanto diurno como nocturno dos obras cedidas en pr\u00e9stamo temporal:<\/p>\n<p><em><a href=\"\/cataleg_raonat\/fitxa_obra.html?obra=442\">La merienda \u00absur l&#8217;herbe\u00bb<\/a><\/em> en la Sala de las Pescader\u00edas.<\/p>\n<p>El dibujo <em>M\u00fasicos<\/em> en la Sala del Tesoro.<\/p>\n","protected":false},"excerpt":{"rendered":"<p>Clicando aqu\u00ed podr\u00e9is adquirir las entradas para la apertura nocturna del Teatro-Museo Dal\u00ed de Figueres, durante el mes de agosto de 2008. Para acceder a otros servicios de compra o reserva de entradas\u00a0de los Museos Dal\u00ed, clicad aqu\u00ed. Para m\u00e1s informaci\u00f3n acerca de la edici\u00f3n del Dal\u00ed de Noche, visitad este enlace. Como novedad, pueden [&hellip;]<\/p>\n","protected":false},"featured_media":4322,"menu_order":0,"template":"","format":"standard","meta":{"_acf_changed":false,"_coblocks_attr":"","_coblocks_dimensions":"","_coblocks_responsive_height":"","_coblocks_accordion_ie_support":""},"categoria-actualitat":[117,119],"class_list":["post-9438","noticia","type-noticia","status-publish","format-standard","has-post-thumbnail","hentry","categoria-actualitat-exposiciones","categoria-actualitat-museos"],"acf":[],"_links":{"self":[{"href":"https:\/\/webdali.latempesta.eu\/es\/wp-json\/wp\/v2\/noticia\/9438","targetHints":{"allow":["GET"]}}],"collection":[{"href":"https:\/\/webdali.latempesta.eu\/es\/wp-json\/wp\/v2\/noticia"}],"about":[{"href":"https:\/\/webdali.latempesta.eu\/es\/wp-json\/wp\/v2\/types\/noticia"}],"wp:featuredmedia":[{"embeddable":true,"href":"https:\/\/webdali.latempesta.eu\/es\/wp-json\/wp\/v2\/media\/4322"}],"wp:attachment":[{"href":"https:\/\/webdali.latempesta.eu\/es\/wp-json\/wp\/v2\/media?parent=9438"}],"wp:term":[{"taxonomy":"categoria-actualitat","embeddable":true,"href":"https:\/\/webdali.latempesta.eu\/es\/wp-json\/wp\/v2\/categoria-actualitat?post=9438"}],"curies":[{"name":"wp","href":"https:\/\/api.w.org\/{rel}","templated":true}]}}