{"id":9444,"date":"2008-06-20T00:00:00","date_gmt":"2008-06-19T22:00:00","guid":{"rendered":"https:\/\/webdali.latempesta.eu\/fundacio-dali\/noticia\/jazz-a-la-pera\/"},"modified":"2025-06-26T10:11:40","modified_gmt":"2025-06-26T08:11:40","slug":"jazz-en-la-pera","status":"publish","type":"noticia","link":"https:\/\/webdali.latempesta.eu\/es\/fundacion-dali\/noticia\/jazz-en-la-pera\/","title":{"rendered":"Jazz en La Pera"},"content":{"rendered":"<p>El \u00abFestival de jazz catal\u00e0 del Baix Empord\u00e0\u00bb tendr\u00e1 sede en P\u00fabol. El Castillo Gala Dal\u00ed ser\u00e1 escenario del concierto a cargo de Albert Vila y Clara Luna, el pr\u00f3ximo 20 de junio a las 20:30.<\/p>\n","protected":false},"excerpt":{"rendered":"<p>El \u00abFestival de jazz catal\u00e0 del Baix Empord\u00e0\u00bb tendr\u00e1 sede en P\u00fabol. El Castillo Gala Dal\u00ed ser\u00e1 escenario del concierto a cargo de Albert Vila y Clara Luna, el pr\u00f3ximo 20 de junio a las 20:30.<\/p>\n","protected":false},"featured_media":4312,"menu_order":0,"template":"","format":"standard","meta":{"_acf_changed":false,"_coblocks_attr":"","_coblocks_dimensions":"","_coblocks_responsive_height":"","_coblocks_accordion_ie_support":""},"categoria-actualitat":[114,119],"class_list":["post-9444","noticia","type-noticia","status-publish","format-standard","has-post-thumbnail","hentry","categoria-actualitat-actividades","categoria-actualitat-museos"],"acf":[],"_links":{"self":[{"href":"https:\/\/webdali.latempesta.eu\/es\/wp-json\/wp\/v2\/noticia\/9444","targetHints":{"allow":["GET"]}}],"collection":[{"href":"https:\/\/webdali.latempesta.eu\/es\/wp-json\/wp\/v2\/noticia"}],"about":[{"href":"https:\/\/webdali.latempesta.eu\/es\/wp-json\/wp\/v2\/types\/noticia"}],"wp:featuredmedia":[{"embeddable":true,"href":"https:\/\/webdali.latempesta.eu\/es\/wp-json\/wp\/v2\/media\/4312"}],"wp:attachment":[{"href":"https:\/\/webdali.latempesta.eu\/es\/wp-json\/wp\/v2\/media?parent=9444"}],"wp:term":[{"taxonomy":"categoria-actualitat","embeddable":true,"href":"https:\/\/webdali.latempesta.eu\/es\/wp-json\/wp\/v2\/categoria-actualitat?post=9444"}],"curies":[{"name":"wp","href":"https:\/\/api.w.org\/{rel}","templated":true}]}}