{"id":9518,"date":"2006-11-30T00:00:00","date_gmt":"2006-11-29T22:00:00","guid":{"rendered":"https:\/\/webdali.latempesta.eu\/fundacio-dali\/noticia\/presentat-el-7e-i-ultim-volum-de-les-obres-completes\/"},"modified":"2025-06-26T10:11:41","modified_gmt":"2025-06-26T08:11:41","slug":"presentado-el-7o-y-ultimo-volumen-de-las-obras-completas","status":"publish","type":"noticia","link":"https:\/\/webdali.latempesta.eu\/es\/fundacion-dali\/noticia\/presentado-el-7o-y-ultimo-volumen-de-las-obras-completas\/","title":{"rendered":"Presentado el 7\u00ba y \u00faltimo volumen de las Obras Completas"},"content":{"rendered":"<p>En la sede de Ediciones Destino en Madrid se ha presentado <em>Entrevistas<\/em>, el 7\u00ba y \u00faltimo volumen de las Obras Completas de Salvador Dal\u00ed. Con este volumen concluye la edici\u00f3n iniciada en noviembre de 2003, para celebrar el centenario del artista. El acto ha ido a cargo de Montse Aguer, directora del Centro de Estudios Dalinianos, el cr\u00edtico de arte y catedr\u00e1tico Francisco Calvo Serraller, editor y prologuista del volumen, el director de Ediciones Destino, Emili Rosales, y el presidente de la Sociedad Estatal de Conmemoraciones Culturales, Jos\u00e9 Garc\u00eda Velasco. La Obra Completa est\u00e1 publicada en castellano y catal\u00e1n.<\/p>\n","protected":false},"excerpt":{"rendered":"<p>En la sede de Ediciones Destino en Madrid se ha presentado Entrevistas, el 7\u00ba y \u00faltimo volumen de las Obras Completas de Salvador Dal\u00ed. Con este volumen concluye la edici\u00f3n iniciada en noviembre de 2003, para celebrar el centenario del artista. El acto ha ido a cargo de Montse Aguer, directora del Centro de Estudios [&hellip;]<\/p>\n","protected":false},"featured_media":4189,"menu_order":0,"template":"","format":"standard","meta":{"_acf_changed":false,"_coblocks_attr":"","_coblocks_dimensions":"","_coblocks_responsive_height":"","_coblocks_accordion_ie_support":""},"categoria-actualitat":[116,118,120],"class_list":["post-9518","noticia","type-noticia","status-publish","format-standard","has-post-thumbnail","hentry","categoria-actualitat-ano-dali","categoria-actualitat-fundacion-gala-salvador-dali","categoria-actualitat-publicaciones"],"acf":[],"_links":{"self":[{"href":"https:\/\/webdali.latempesta.eu\/es\/wp-json\/wp\/v2\/noticia\/9518","targetHints":{"allow":["GET"]}}],"collection":[{"href":"https:\/\/webdali.latempesta.eu\/es\/wp-json\/wp\/v2\/noticia"}],"about":[{"href":"https:\/\/webdali.latempesta.eu\/es\/wp-json\/wp\/v2\/types\/noticia"}],"wp:featuredmedia":[{"embeddable":true,"href":"https:\/\/webdali.latempesta.eu\/es\/wp-json\/wp\/v2\/media\/4189"}],"wp:attachment":[{"href":"https:\/\/webdali.latempesta.eu\/es\/wp-json\/wp\/v2\/media?parent=9518"}],"wp:term":[{"taxonomy":"categoria-actualitat","embeddable":true,"href":"https:\/\/webdali.latempesta.eu\/es\/wp-json\/wp\/v2\/categoria-actualitat?post=9518"}],"curies":[{"name":"wp","href":"https:\/\/api.w.org\/{rel}","templated":true}]}}