{"id":9596,"date":"2005-06-09T00:00:00","date_gmt":"2005-06-08T22:00:00","guid":{"rendered":"https:\/\/webdali.latempesta.eu\/fundacio-dali\/noticia\/montblanc-llanca-una-ploma-estilografica-en-homenatge-a-dali\/"},"modified":"2025-06-26T10:11:43","modified_gmt":"2025-06-26T08:11:43","slug":"montblanc-lanza-una-pluma-estilografica-en-homenaje-a-dali","status":"publish","type":"noticia","link":"https:\/\/webdali.latempesta.eu\/es\/fundacion-dali\/noticia\/montblanc-lanza-una-pluma-estilografica-en-homenaje-a-dali\/","title":{"rendered":"Montblanc lanza una pluma estilogr\u00e1fica en homenaje a Dal\u00ed"},"content":{"rendered":"<p>La prestigiosa empresa ha dise\u00f1ado una aut\u00e9ntica maravilla de orfebrer\u00eda, con una tirada limitada a 100 ejemplares y un precio de venta de 13.400 euros, que se encuentra \u00fanicamente en las tiendas de Montblanc.<\/p>\n<p>La presentaci\u00f3n a la prensa estuvo acompa\u00f1ada de un homenaje culinario en la viniteca de Joaquim Vila, de la mano de los cocineros Jaume Subir\u00f3s (Hotel Empord\u00e0), Josep Monje (Via Veneto) y Ferm\u00ed Puig (Drolma), al que tambi\u00e9n asistieron el consejero delegado de Montblanc, Hubert Wiese, y el gerente de la Fundaci\u00f3n Gala &#8211; Salvador Dal\u00ed, Joan Manuel Sevillano.<\/p>\n<p>Se trata de una pieza de coleccionista realizada en oro blanco y amarillo, diamantes, y un retrato de Dal\u00ed grabado en el plum\u00edn.<\/p>\n","protected":false},"excerpt":{"rendered":"<p>La prestigiosa empresa ha dise\u00f1ado una aut\u00e9ntica maravilla de orfebrer\u00eda, con una tirada limitada a 100 ejemplares y un precio de venta de 13.400 euros, que se encuentra \u00fanicamente en las tiendas de Montblanc. La presentaci\u00f3n a la prensa estuvo acompa\u00f1ada de un homenaje culinario en la viniteca de Joaquim Vila, de la mano de [&hellip;]<\/p>\n","protected":false},"featured_media":0,"menu_order":0,"template":"","format":"standard","meta":{"_acf_changed":false,"_coblocks_attr":"","_coblocks_dimensions":"","_coblocks_responsive_height":"","_coblocks_accordion_ie_support":""},"categoria-actualitat":[118,120],"class_list":["post-9596","noticia","type-noticia","status-publish","format-standard","hentry","categoria-actualitat-fundacion-gala-salvador-dali","categoria-actualitat-publicaciones"],"acf":[],"_links":{"self":[{"href":"https:\/\/webdali.latempesta.eu\/es\/wp-json\/wp\/v2\/noticia\/9596","targetHints":{"allow":["GET"]}}],"collection":[{"href":"https:\/\/webdali.latempesta.eu\/es\/wp-json\/wp\/v2\/noticia"}],"about":[{"href":"https:\/\/webdali.latempesta.eu\/es\/wp-json\/wp\/v2\/types\/noticia"}],"wp:attachment":[{"href":"https:\/\/webdali.latempesta.eu\/es\/wp-json\/wp\/v2\/media?parent=9596"}],"wp:term":[{"taxonomy":"categoria-actualitat","embeddable":true,"href":"https:\/\/webdali.latempesta.eu\/es\/wp-json\/wp\/v2\/categoria-actualitat?post=9596"}],"curies":[{"name":"wp","href":"https:\/\/api.w.org\/{rel}","templated":true}]}}