{"id":9614,"date":"2005-05-15T00:00:00","date_gmt":"2005-05-14T22:00:00","guid":{"rendered":"https:\/\/webdali.latempesta.eu\/fundacio-dali\/noticia\/cloenda-de-l-any-dali\/"},"modified":"2025-06-26T10:11:43","modified_gmt":"2025-06-26T08:11:43","slug":"clausura-del-ano-dali","status":"publish","type":"noticia","link":"https:\/\/webdali.latempesta.eu\/es\/fundacion-dali\/noticia\/clausura-del-ano-dali\/","title":{"rendered":"Clausura del A\u00f1o Dal\u00ed"},"content":{"rendered":"<p>La Fundaci\u00f3n Gala-Salvador Dal\u00ed ha celebrado una sesi\u00f3n de trabajo con el president de la Generalitat de Catalunya, M. Hnble. Sr. Pasqual Maragall, para presentar y valorar los resultados de los actos conmemorativos del centenario del nacimiento del Maestro Salvador Dal\u00ed, en una reuni\u00f3n en la que tambi\u00e9n han asistido el presidente de la Fundaci\u00f3n Gala-Salvador Dal\u00ed, Ramon Boixad\u00f3s, la comisaria del centenario, Montse Aguer, miembros del Patronato y directivos de la Fundaci\u00f3n.<\/p>\n","protected":false},"excerpt":{"rendered":"<p>La Fundaci\u00f3n Gala-Salvador Dal\u00ed ha celebrado una sesi\u00f3n de trabajo con el president de la Generalitat de Catalunya, M. Hnble. Sr. Pasqual Maragall, para presentar y valorar los resultados de los actos conmemorativos del centenario del nacimiento del Maestro Salvador Dal\u00ed, en una reuni\u00f3n en la que tambi\u00e9n han asistido el presidente de la Fundaci\u00f3n [&hellip;]<\/p>\n","protected":false},"featured_media":0,"menu_order":0,"template":"","format":"standard","meta":{"_acf_changed":false,"_coblocks_attr":"","_coblocks_dimensions":"","_coblocks_responsive_height":"","_coblocks_accordion_ie_support":""},"categoria-actualitat":[116],"class_list":["post-9614","noticia","type-noticia","status-publish","format-standard","hentry","categoria-actualitat-ano-dali"],"acf":[],"_links":{"self":[{"href":"https:\/\/webdali.latempesta.eu\/es\/wp-json\/wp\/v2\/noticia\/9614","targetHints":{"allow":["GET"]}}],"collection":[{"href":"https:\/\/webdali.latempesta.eu\/es\/wp-json\/wp\/v2\/noticia"}],"about":[{"href":"https:\/\/webdali.latempesta.eu\/es\/wp-json\/wp\/v2\/types\/noticia"}],"wp:attachment":[{"href":"https:\/\/webdali.latempesta.eu\/es\/wp-json\/wp\/v2\/media?parent=9614"}],"wp:term":[{"taxonomy":"categoria-actualitat","embeddable":true,"href":"https:\/\/webdali.latempesta.eu\/es\/wp-json\/wp\/v2\/categoria-actualitat?post=9614"}],"curies":[{"name":"wp","href":"https:\/\/api.w.org\/{rel}","templated":true}]}}