{"id":9665,"date":"2004-06-25T00:00:00","date_gmt":"2004-06-24T22:00:00","guid":{"rendered":"https:\/\/webdali.latempesta.eu\/fundacio-dali\/noticia\/la-diputacio-de-girona-es-converteix-en-entitat-col-laboradora-de-l-any-dali\/"},"modified":"2025-06-26T10:11:45","modified_gmt":"2025-06-26T08:11:45","slug":"la-diputacion-de-girona-se-convierte-en-entidad-colaboradora-del-ano-dali","status":"publish","type":"noticia","link":"https:\/\/webdali.latempesta.eu\/es\/fundacion-dali\/noticia\/la-diputacion-de-girona-se-convierte-en-entidad-colaboradora-del-ano-dali\/","title":{"rendered":"La Diputaci\u00f3n de Girona se convierte en Entidad Colaboradora del A\u00f1o Dal\u00ed"},"content":{"rendered":"<p>El presidente de la Diputaci\u00f3n de Girona, Ilmo. Sr. Carles P\u00e1ramo y el presidente de la Fundaci\u00f3n Gala-Salvador Dal\u00ed, Sr. Ramon Boixad\u00f3s, han firmado hoy un convenio mediante el cual la Diputaci\u00f3n se convierte en Entidad Colaboradora del A\u00f1o Dal\u00ed. Esta colaboraci\u00f3n se concreta con el patrocinio de la exposici\u00f3n de los dibujos originales que Dal\u00ed realiz\u00f3 para ilustrar el libro autobiogr\u00e1fico La Vida Secreta, dibujos que se expondr\u00e1n a finales de julio en el Teatro-Museo Dal\u00ed de Figueres. El acto ha tenido lugar en la Sala de las Loggias del Teatro-Museo Dal\u00ed, al que tambi\u00e9n han asistido el vicepresidente de la Diputaci\u00f3n y diputado de Cultura, Sr. Enric Vilert, y la directora del Centro de Estudios Dalinianos y comisaria del A\u00f1o Dal\u00ed, Sra. Montse Aguer.<\/p>\n","protected":false},"excerpt":{"rendered":"<p>El presidente de la Diputaci\u00f3n de Girona, Ilmo. Sr. Carles P\u00e1ramo y el presidente de la Fundaci\u00f3n Gala-Salvador Dal\u00ed, Sr. Ramon Boixad\u00f3s, han firmado hoy un convenio mediante el cual la Diputaci\u00f3n se convierte en Entidad Colaboradora del A\u00f1o Dal\u00ed. Esta colaboraci\u00f3n se concreta con el patrocinio de la exposici\u00f3n de los dibujos originales que [&hellip;]<\/p>\n","protected":false},"featured_media":4092,"menu_order":0,"template":"","format":"standard","meta":{"_acf_changed":false,"_coblocks_attr":"","_coblocks_dimensions":"","_coblocks_responsive_height":"","_coblocks_accordion_ie_support":""},"categoria-actualitat":[116],"class_list":["post-9665","noticia","type-noticia","status-publish","format-standard","has-post-thumbnail","hentry","categoria-actualitat-ano-dali"],"acf":[],"_links":{"self":[{"href":"https:\/\/webdali.latempesta.eu\/es\/wp-json\/wp\/v2\/noticia\/9665","targetHints":{"allow":["GET"]}}],"collection":[{"href":"https:\/\/webdali.latempesta.eu\/es\/wp-json\/wp\/v2\/noticia"}],"about":[{"href":"https:\/\/webdali.latempesta.eu\/es\/wp-json\/wp\/v2\/types\/noticia"}],"wp:featuredmedia":[{"embeddable":true,"href":"https:\/\/webdali.latempesta.eu\/es\/wp-json\/wp\/v2\/media\/4092"}],"wp:attachment":[{"href":"https:\/\/webdali.latempesta.eu\/es\/wp-json\/wp\/v2\/media?parent=9665"}],"wp:term":[{"taxonomy":"categoria-actualitat","embeddable":true,"href":"https:\/\/webdali.latempesta.eu\/es\/wp-json\/wp\/v2\/categoria-actualitat?post=9665"}],"curies":[{"name":"wp","href":"https:\/\/api.w.org\/{rel}","templated":true}]}}