{"id":9725,"date":"2003-07-23T00:00:00","date_gmt":"2003-07-22T22:00:00","guid":{"rendered":"https:\/\/webdali.latempesta.eu\/fundacio-dali\/noticia\/la-corporacio-catalana-de-radio-i-televisio-ccrtv-es-converteix-en-entitat-col-laboradora-de-l-any-dali-2004\/"},"modified":"2025-06-26T10:11:46","modified_gmt":"2025-06-26T08:11:46","slug":"la-corporacio-catalana-de-radio-i-televisio-ccrtv-se-convierte-en-entidad-colaboradora-del-ano-dali-2004","status":"publish","type":"noticia","link":"https:\/\/webdali.latempesta.eu\/es\/fundacion-dali\/noticia\/la-corporacio-catalana-de-radio-i-televisio-ccrtv-se-convierte-en-entidad-colaboradora-del-ano-dali-2004\/","title":{"rendered":"La Corporaci\u00f3 Catalana de R\u00e0dio i Televisi\u00f3 (CCRTV) se convierte en entidad colaboradora del A\u00f1o Dal\u00ed 2004"},"content":{"rendered":"<p>El director general de la Corporaci\u00f3 Catalana de R\u00e0dio i Televisi\u00f3 (CCRTV), Sr. Vicen\u00e7 Villatoro, y el presidente de la Fundaci\u00f3 Gala-Salvador Dal\u00ed, Sr. Ramon Boixad\u00f3s, han firmado el documento de adhesi\u00f3n por el cual la corporaci\u00f3n se convierte en Entidad Colaboradora del A\u00f1o Dal\u00ed 2004. La firma del convenio ha tenido lugar en el Hotel Empord\u00e0 de Figueres, otra entidad colaboradora del centenario.<\/p>\n<p>Mediante este acuerdo, la CCRTV se compromete a colaborar en la difusi\u00f3n de los actos y celebraciones inaugurales del centenario y a participar en la promoci\u00f3n de las actividades que configuran el A\u00f1o Dal\u00ed 2004. En reconocimiento a esta aportaci\u00f3n, la Fundaci\u00f3 Gala-Salvador Dal\u00ed cede a la CCRTV el uso de la marca oficial del a\u00f1o en la publicidad que esta considere pertinente, de acuerdo con las normas establecidas por la Fundaci\u00f3.<\/p>\n","protected":false},"excerpt":{"rendered":"<p>El director general de la Corporaci\u00f3 Catalana de R\u00e0dio i Televisi\u00f3 (CCRTV), Sr. Vicen\u00e7 Villatoro, y el presidente de la Fundaci\u00f3 Gala-Salvador Dal\u00ed, Sr. Ramon Boixad\u00f3s, han firmado el documento de adhesi\u00f3n por el cual la corporaci\u00f3n se convierte en Entidad Colaboradora del A\u00f1o Dal\u00ed 2004. La firma del convenio ha tenido lugar en el [&hellip;]<\/p>\n","protected":false},"featured_media":4011,"menu_order":0,"template":"","format":"standard","meta":{"_acf_changed":false,"_coblocks_attr":"","_coblocks_dimensions":"","_coblocks_responsive_height":"","_coblocks_accordion_ie_support":""},"categoria-actualitat":[116],"class_list":["post-9725","noticia","type-noticia","status-publish","format-standard","has-post-thumbnail","hentry","categoria-actualitat-ano-dali"],"acf":[],"_links":{"self":[{"href":"https:\/\/webdali.latempesta.eu\/es\/wp-json\/wp\/v2\/noticia\/9725","targetHints":{"allow":["GET"]}}],"collection":[{"href":"https:\/\/webdali.latempesta.eu\/es\/wp-json\/wp\/v2\/noticia"}],"about":[{"href":"https:\/\/webdali.latempesta.eu\/es\/wp-json\/wp\/v2\/types\/noticia"}],"wp:featuredmedia":[{"embeddable":true,"href":"https:\/\/webdali.latempesta.eu\/es\/wp-json\/wp\/v2\/media\/4011"}],"wp:attachment":[{"href":"https:\/\/webdali.latempesta.eu\/es\/wp-json\/wp\/v2\/media?parent=9725"}],"wp:term":[{"taxonomy":"categoria-actualitat","embeddable":true,"href":"https:\/\/webdali.latempesta.eu\/es\/wp-json\/wp\/v2\/categoria-actualitat?post=9725"}],"curies":[{"name":"wp","href":"https:\/\/api.w.org\/{rel}","templated":true}]}}