{"id":9746,"date":"2003-04-22T00:00:00","date_gmt":"2003-04-21T22:00:00","guid":{"rendered":"https:\/\/webdali.latempesta.eu\/fundacio-dali\/noticia\/el-consell-promotor-de-l-any-dali-incorpora-rtve\/"},"modified":"2025-06-26T10:11:47","modified_gmt":"2025-06-26T08:11:47","slug":"el-consejo-promotor-del-ano-dali-incorpora-a-rtve","status":"publish","type":"noticia","link":"https:\/\/webdali.latempesta.eu\/es\/fundacion-dali\/noticia\/el-consejo-promotor-del-ano-dali-incorpora-a-rtve\/","title":{"rendered":"El Consejo Promotor del A\u00f1o Dal\u00ed incorpora a RTVE"},"content":{"rendered":"<p>El grupo de empresas de comunicaci\u00f3n de Radio Televisi\u00f3n Espa\u00f1ola (RTVE) ha sido el segundo miembro en incorporarse al Consejo Promotor del A\u00f1o Dal\u00ed. El protocolo fue firmado en el Teatro-Museo Dal\u00ed de Figueres por el presidente de la Fundaci\u00f3n Gala-Salvador Dal\u00ed, Ramon Boixad\u00f3s, y el director general de RTVE, Jos\u00e9 Antonio S\u00e1nchez, acompa\u00f1ados de la comisaria del A\u00f1o Dal\u00ed, Montse Aguer, y el director de RTVE en Catalu\u00f1a, Ramon Font. La colaboraci\u00f3n se concentrar\u00e1 tanto en la difusi\u00f3n de la vida y la obra de Salvador Dal\u00ed a trav\u00e9s de los 500 audiovisuales que obran en los archivos de RTVE como en los actos que se organicen el pr\u00f3ximo a\u00f1o con motivo de la celebraci\u00f3n del centenario del nacimiento del pintor figuerense. Los diferentes canales de RTVE permitir\u00e1n realizar una proyecci\u00f3n de la efem\u00e9ride tanto en el \u00e1mbito catal\u00e1n como en el estatal e internacional. De acuerdo con el convenio, el ente p\u00fablico colaborar\u00e1 en el A\u00f1o Dal\u00ed a trav\u00e9s de los informativos, la programaci\u00f3n regular y diversos programas especiales.<\/p>\n","protected":false},"excerpt":{"rendered":"<p>El grupo de empresas de comunicaci\u00f3n de Radio Televisi\u00f3n Espa\u00f1ola (RTVE) ha sido el segundo miembro en incorporarse al Consejo Promotor del A\u00f1o Dal\u00ed. El protocolo fue firmado en el Teatro-Museo Dal\u00ed de Figueres por el presidente de la Fundaci\u00f3n Gala-Salvador Dal\u00ed, Ramon Boixad\u00f3s, y el director general de RTVE, Jos\u00e9 Antonio S\u00e1nchez, acompa\u00f1ados de [&hellip;]<\/p>\n","protected":false},"featured_media":3976,"menu_order":0,"template":"","format":"standard","meta":{"_acf_changed":false,"_coblocks_attr":"","_coblocks_dimensions":"","_coblocks_responsive_height":"","_coblocks_accordion_ie_support":""},"categoria-actualitat":[116],"class_list":["post-9746","noticia","type-noticia","status-publish","format-standard","has-post-thumbnail","hentry","categoria-actualitat-ano-dali"],"acf":[],"_links":{"self":[{"href":"https:\/\/webdali.latempesta.eu\/es\/wp-json\/wp\/v2\/noticia\/9746","targetHints":{"allow":["GET"]}}],"collection":[{"href":"https:\/\/webdali.latempesta.eu\/es\/wp-json\/wp\/v2\/noticia"}],"about":[{"href":"https:\/\/webdali.latempesta.eu\/es\/wp-json\/wp\/v2\/types\/noticia"}],"wp:featuredmedia":[{"embeddable":true,"href":"https:\/\/webdali.latempesta.eu\/es\/wp-json\/wp\/v2\/media\/3976"}],"wp:attachment":[{"href":"https:\/\/webdali.latempesta.eu\/es\/wp-json\/wp\/v2\/media?parent=9746"}],"wp:term":[{"taxonomy":"categoria-actualitat","embeddable":true,"href":"https:\/\/webdali.latempesta.eu\/es\/wp-json\/wp\/v2\/categoria-actualitat?post=9746"}],"curies":[{"name":"wp","href":"https:\/\/api.w.org\/{rel}","templated":true}]}}