{"id":8776,"date":"2018-05-14T00:00:00","date_gmt":"2018-05-13T22:00:00","guid":{"rendered":"https:\/\/webdali.latempesta.eu\/fundacio-dali\/noticia\/javier-godo-nou-patro-vitalici\/"},"modified":"2025-06-26T10:47:19","modified_gmt":"2025-06-26T08:47:19","slug":"javier-godo-membre-du-patronat-de-la-fondation-dali","status":"publish","type":"noticia","link":"https:\/\/webdali.latempesta.eu\/fr\/fondation-dali\/nouvelle\/javier-godo-membre-du-patronat-de-la-fondation-dali\/","title":{"rendered":"Javier God\u00f3, Membre du Patronat de la Fondation Dal\u00ed"},"content":{"rendered":"<p>La Fundaci\u00f3 Gala-Salvador Dal\u00ed a nomm\u00e9 Javier God\u00f3 membre \u00e0 vie de son Patronat. L\u2019\u00e9diteur du journal\u00a0<em>La Vanguardia<\/em> remplace Ramon Boixad\u00f3s, d\u00e9c\u00e9d\u00e9 le mois d&rsquo;ao\u00fbt.<\/p>\n","protected":false},"excerpt":{"rendered":"<p>La Fundaci\u00f3 Gala-Salvador Dal\u00ed a nomm\u00e9 Javier God\u00f3 membre \u00e0 vie de son Patronat. L\u2019\u00e9diteur du journal\u00a0La Vanguardia remplace Ramon Boixad\u00f3s, d\u00e9c\u00e9d\u00e9 le mois d&rsquo;ao\u00fbt.<\/p>\n","protected":false},"featured_media":5450,"menu_order":0,"template":"","format":"standard","meta":{"_acf_changed":false,"_coblocks_attr":"","_coblocks_dimensions":"","_coblocks_responsive_height":"","_coblocks_accordion_ie_support":""},"categoria-actualitat":[111],"class_list":["post-8776","noticia","type-noticia","status-publish","format-standard","has-post-thumbnail","hentry","categoria-actualitat-fondation-gala-salvador-dali"],"acf":[],"_links":{"self":[{"href":"https:\/\/webdali.latempesta.eu\/fr\/wp-json\/wp\/v2\/noticia\/8776","targetHints":{"allow":["GET"]}}],"collection":[{"href":"https:\/\/webdali.latempesta.eu\/fr\/wp-json\/wp\/v2\/noticia"}],"about":[{"href":"https:\/\/webdali.latempesta.eu\/fr\/wp-json\/wp\/v2\/types\/noticia"}],"wp:featuredmedia":[{"embeddable":true,"href":"https:\/\/webdali.latempesta.eu\/fr\/wp-json\/wp\/v2\/media\/5450"}],"wp:attachment":[{"href":"https:\/\/webdali.latempesta.eu\/fr\/wp-json\/wp\/v2\/media?parent=8776"}],"wp:term":[{"taxonomy":"categoria-actualitat","embeddable":true,"href":"https:\/\/webdali.latempesta.eu\/fr\/wp-json\/wp\/v2\/categoria-actualitat?post=8776"}],"curies":[{"name":"wp","href":"https:\/\/api.w.org\/{rel}","templated":true}]}}