{"id":8896,"date":"2016-08-01T00:00:00","date_gmt":"2016-07-31T22:00:00","guid":{"rendered":"https:\/\/webdali.latempesta.eu\/fundacio-dali\/noticia\/visites-guiades-al-teatre-museu-dali-de-nit\/"},"modified":"2025-06-26T10:47:21","modified_gmt":"2025-06-26T08:47:21","slug":"visite-guidees-au-theatre-musee-dali-de-nuit","status":"publish","type":"noticia","link":"https:\/\/webdali.latempesta.eu\/fr\/fondation-dali\/nouvelle\/visite-guidees-au-theatre-musee-dali-de-nuit\/","title":{"rendered":"Visite guid\u00e9es au Th\u00e9\u00e2tre-Mus\u00e9e Dal\u00ed de Nuit"},"content":{"rendered":"<p><strong>Nouveaut\u00e9<\/strong><\/p>\n<p><strong>Venez d\u00e9couvrir la magie du Th\u00e9\u00e2tre-Mus\u00e9e Dal\u00ed de Nuit gr\u00e2ce \u00e0 nos visites guid\u00e9es.<\/strong><\/p>\n<p>Durant le mois d&rsquo;ao\u00fbt, le Th\u00e9\u00e2tre-Mus\u00e9e Dal\u00ed propose des visites guid\u00e9es de mercredi \u00e0 samedi pour vous permettre de d\u00e9couvrir l&rsquo;oeuvre surr\u00e9aliste la plus grande du monde au clair de lune.<\/p>\n<p>Lundi, Mercredi et Vendredi \u00e0 22h30: visites en espagnol et en fran\u00e7ais<\/p>\n<p>Mardi, Jeudi et Samedi \u00e0 22h30: visites en catalan et en anglais<\/p>\n<p>Places limit\u00e9es, 25 personnes par groupe.<\/p>\n<p>R\u00e9servez directament sur le <a href=\"https:\/\/webdali.latempesta.eu\/serveis\/fr_entrades\/?cancel&amp;servei=IIN&amp;m=TMN\">site Internet<\/a>.<\/p>\n","protected":false},"excerpt":{"rendered":"<p>Nouveaut\u00e9 Venez d\u00e9couvrir la magie du Th\u00e9\u00e2tre-Mus\u00e9e Dal\u00ed de Nuit gr\u00e2ce \u00e0 nos visites guid\u00e9es. Durant le mois d&rsquo;ao\u00fbt, le Th\u00e9\u00e2tre-Mus\u00e9e Dal\u00ed propose des visites guid\u00e9es de mercredi \u00e0 samedi pour vous permettre de d\u00e9couvrir l&rsquo;oeuvre surr\u00e9aliste la plus grande du monde au clair de lune. Lundi, Mercredi et Vendredi \u00e0 22h30: visites en espagnol [&hellip;]<\/p>\n","protected":false},"featured_media":5106,"menu_order":0,"template":"","format":"standard","meta":{"_acf_changed":false,"_coblocks_attr":"","_coblocks_dimensions":"","_coblocks_responsive_height":"","_coblocks_accordion_ie_support":""},"categoria-actualitat":[107,111,112],"class_list":["post-8896","noticia","type-noticia","status-publish","format-standard","has-post-thumbnail","hentry","categoria-actualitat-activites","categoria-actualitat-fondation-gala-salvador-dali","categoria-actualitat-musees"],"acf":[],"_links":{"self":[{"href":"https:\/\/webdali.latempesta.eu\/fr\/wp-json\/wp\/v2\/noticia\/8896","targetHints":{"allow":["GET"]}}],"collection":[{"href":"https:\/\/webdali.latempesta.eu\/fr\/wp-json\/wp\/v2\/noticia"}],"about":[{"href":"https:\/\/webdali.latempesta.eu\/fr\/wp-json\/wp\/v2\/types\/noticia"}],"wp:featuredmedia":[{"embeddable":true,"href":"https:\/\/webdali.latempesta.eu\/fr\/wp-json\/wp\/v2\/media\/5106"}],"wp:attachment":[{"href":"https:\/\/webdali.latempesta.eu\/fr\/wp-json\/wp\/v2\/media?parent=8896"}],"wp:term":[{"taxonomy":"categoria-actualitat","embeddable":true,"href":"https:\/\/webdali.latempesta.eu\/fr\/wp-json\/wp\/v2\/categoria-actualitat?post=8896"}],"curies":[{"name":"wp","href":"https:\/\/api.w.org\/{rel}","templated":true}]}}