{"id":8911,"date":"2016-04-26T00:00:00","date_gmt":"2016-04-25T22:00:00","guid":{"rendered":"https:\/\/webdali.latempesta.eu\/fundacio-dali\/noticia\/ultims-dies-per-veure-l-exposicio-d-obra-inspirada-en-velazquez\/"},"modified":"2025-06-26T10:47:21","modified_gmt":"2025-06-26T08:47:21","slug":"derniers-jours-a-voir-l-exposition-d-oeuvre-dediee-a-velasquez","status":"publish","type":"noticia","link":"https:\/\/webdali.latempesta.eu\/fr\/fondation-dali\/nouvelle\/derniers-jours-a-voir-l-exposition-d-oeuvre-dediee-a-velasquez\/","title":{"rendered":"Derniers jours \u00e0 voir l&rsquo;exposition d&rsquo;oeuvre d\u00e9di\u00e9e \u00e0 V\u00e9lasquez"},"content":{"rendered":"<p>Mardi le 3 Mai sera le dernier jour \u00e0 voir l&rsquo;exposition temporaire Quoi de neuf? -V\u00e9lasquez dans la Salle des Loggias, au Th\u00e9\u00e2tre-Mus\u00e9e Dal\u00ed de Figueres.<\/p>\n<p>Voici le <a href=\"https:\/\/www.youtube.com\/watch?v=i_9fq1MRN1Q\">v\u00eddeo<\/a>\u00a0de l&rsquo;exposition.<\/p>\n","protected":false},"excerpt":{"rendered":"<p>Mardi le 3 Mai sera le dernier jour \u00e0 voir l&rsquo;exposition temporaire Quoi de neuf? -V\u00e9lasquez dans la Salle des Loggias, au Th\u00e9\u00e2tre-Mus\u00e9e Dal\u00ed de Figueres. Voici le v\u00eddeo\u00a0de l&rsquo;exposition.<\/p>\n","protected":false},"featured_media":5206,"menu_order":0,"template":"","format":"standard","meta":{"_acf_changed":false,"_coblocks_attr":"","_coblocks_dimensions":"","_coblocks_responsive_height":"","_coblocks_accordion_ie_support":""},"categoria-actualitat":[110,112],"class_list":["post-8911","noticia","type-noticia","status-publish","format-standard","has-post-thumbnail","hentry","categoria-actualitat-expositions","categoria-actualitat-musees"],"acf":[],"_links":{"self":[{"href":"https:\/\/webdali.latempesta.eu\/fr\/wp-json\/wp\/v2\/noticia\/8911","targetHints":{"allow":["GET"]}}],"collection":[{"href":"https:\/\/webdali.latempesta.eu\/fr\/wp-json\/wp\/v2\/noticia"}],"about":[{"href":"https:\/\/webdali.latempesta.eu\/fr\/wp-json\/wp\/v2\/types\/noticia"}],"wp:featuredmedia":[{"embeddable":true,"href":"https:\/\/webdali.latempesta.eu\/fr\/wp-json\/wp\/v2\/media\/5206"}],"wp:attachment":[{"href":"https:\/\/webdali.latempesta.eu\/fr\/wp-json\/wp\/v2\/media?parent=8911"}],"wp:term":[{"taxonomy":"categoria-actualitat","embeddable":true,"href":"https:\/\/webdali.latempesta.eu\/fr\/wp-json\/wp\/v2\/categoria-actualitat?post=8911"}],"curies":[{"name":"wp","href":"https:\/\/api.w.org\/{rel}","templated":true}]}}