{"id":8993,"date":"2015-03-10T00:00:00","date_gmt":"2015-03-09T22:00:00","guid":{"rendered":"https:\/\/webdali.latempesta.eu\/fundacio-dali\/noticia\/montse-aguer-inaugura-la-ruta-dali-de-paris\/"},"modified":"2025-06-26T10:47:22","modified_gmt":"2025-06-26T08:47:22","slug":"tour-dali-a-paris","status":"publish","type":"noticia","link":"https:\/\/webdali.latempesta.eu\/fr\/fondation-dali\/nouvelle\/tour-dali-a-paris\/","title":{"rendered":"Tour Dal\u00ed \u00e0 Paris"},"content":{"rendered":"<p><span id=\"result_box\" tabindex=\"-1\"><span title=\"El Instituto Cervantes de Par\u00eds present\u00f3 ayer la Ruta Dal\u00ed de Par\u00eds de la mano de la directora del Centro de Estudios Dalinianos, Montse Aguer, autora de los contenidos.\">L&rsquo;Institut Cervantes \u00e0 Paris a pr\u00e9sent\u00e9 hier le Tour Dal\u00ed de Paris de la main de Montse Aguer, directrice du Centre d&rsquo;\u00e9tudes daliniennes de la Fondation Dal\u00ed, auteur du contenu. <\/span><span title=\"\/\/paris.rutascervantes.es\n\n\">L&rsquo;itin\u00e9raire se trouve <a href=\"http:\/\/paris.rutascervantes.es\/ruta\/dali\">ici<\/a>. <\/span><\/p>\n<p><span title=\"Salvador Dal\u00ed empieza a construir su leyenda en Par\u00eds desde su primer viaje a la capital francesa en 1926, ocasi\u00f3n en la que visita a Picasso en su taller y tambi\u00e9n algunos lugares tan emblem\u00e1ticos como el Mus\u00e9e du Louvre, Versailles o la casa-estudio de Millet\">Salvador Dal\u00ed commence \u00e0 construire sa l\u00e9gende \u00e0 Paris depuis son premier voyage en 1926, \u00e0 l&rsquo;occasion duquel il visite Picasso dans son atelier et quelques sites c\u00e9l\u00e8bres tels que le Mus\u00e9e du Louvre, Versailles ou \u00e0 la maison et atelier de Millet \u00e0 <\/span><span title=\"en Fontainebleau.\">Fontainebleau. <\/span><span title=\"En 1929 se instala en Par\u00eds con motivo del rodaje de Un chien andalou y se integra plenamente en el grupo surrealista.\">En 1929, il s&rsquo;installe \u00e0 Paris pour le tournage d&rsquo;<em>Un Chien Andalou<\/em> et s&rsquo;int\u00e9gre dans le groupe surr\u00e9aliste. <\/span><span title=\"Esta estancia motiva a la cr\u00f3nica Documental-Par\u00eds-1929, publicada en siete art\u00edculos en las p\u00e1ginas de La Publicitat, en la que Dal\u00ed cita lugare famosos y de moda como el Claridge, el Ritz, el Carlton, el bar de la Coupole, el\">Ce s\u00e9jour motive le Documentaire-Paris-1929, publi\u00e9 en sept articles dans les pages de<em> La Publicitat<\/em>, o\u00f9 Dal\u00ed liste des lieux c\u00e9l\u00e8bres et \u00e0 la mode tels que le Claridge, le Ritz, le Carlton, le bar Coupole, le <\/span><span title=\"Benjamin Peret, Paul \u00c9luard, Jean Cocteau, Man Ray, Ren\u00e9 Magritte, Joan Mir\u00f3, Pablo Picasso, Camille Goemans, Robert Desnos, Ren\u00e9 Clair, etc.\">Dome et se r\u00e9f\u00e8re \u00e0 de nombreux artistes de l&rsquo;\u00e9poque: Benjamin P\u00e9ret, Paul Eluard, Jean Cocteau, Man Ray, Ren\u00e9 Magritte, Joan Mir\u00f3, Pablo Picasso, Camille Goemans, Robert Desnos, Ren\u00e9 Clair, etc.<\/span><\/span><\/p>\n","protected":false},"excerpt":{"rendered":"<p>L&rsquo;Institut Cervantes \u00e0 Paris a pr\u00e9sent\u00e9 hier le Tour Dal\u00ed de Paris de la main de Montse Aguer, directrice du Centre d&rsquo;\u00e9tudes daliniennes de la Fondation Dal\u00ed, auteur du contenu. L&rsquo;itin\u00e9raire se trouve ici. Salvador Dal\u00ed commence \u00e0 construire sa l\u00e9gende \u00e0 Paris depuis son premier voyage en 1926, \u00e0 l&rsquo;occasion duquel il visite Picasso [&hellip;]<\/p>\n","protected":false},"featured_media":5061,"menu_order":0,"template":"","format":"standard","meta":{"_acf_changed":false,"_coblocks_attr":"","_coblocks_dimensions":"","_coblocks_responsive_height":"","_coblocks_accordion_ie_support":""},"categoria-actualitat":[111],"class_list":["post-8993","noticia","type-noticia","status-publish","format-standard","has-post-thumbnail","hentry","categoria-actualitat-fondation-gala-salvador-dali"],"acf":[],"_links":{"self":[{"href":"https:\/\/webdali.latempesta.eu\/fr\/wp-json\/wp\/v2\/noticia\/8993","targetHints":{"allow":["GET"]}}],"collection":[{"href":"https:\/\/webdali.latempesta.eu\/fr\/wp-json\/wp\/v2\/noticia"}],"about":[{"href":"https:\/\/webdali.latempesta.eu\/fr\/wp-json\/wp\/v2\/types\/noticia"}],"wp:featuredmedia":[{"embeddable":true,"href":"https:\/\/webdali.latempesta.eu\/fr\/wp-json\/wp\/v2\/media\/5061"}],"wp:attachment":[{"href":"https:\/\/webdali.latempesta.eu\/fr\/wp-json\/wp\/v2\/media?parent=8993"}],"wp:term":[{"taxonomy":"categoria-actualitat","embeddable":true,"href":"https:\/\/webdali.latempesta.eu\/fr\/wp-json\/wp\/v2\/categoria-actualitat?post=8993"}],"curies":[{"name":"wp","href":"https:\/\/api.w.org\/{rel}","templated":true}]}}