{"id":9026,"date":"2014-09-20T00:00:00","date_gmt":"2014-09-19T22:00:00","guid":{"rendered":"https:\/\/webdali.latempesta.eu\/fundacio-dali\/noticia\/primer-premi-avicom-al-documental-dali-pitxot\/"},"modified":"2025-06-26T10:47:22","modified_gmt":"2025-06-26T08:47:22","slug":"premier-prix-avicom-au-documentaire-dali-pitxot","status":"publish","type":"noticia","link":"https:\/\/webdali.latempesta.eu\/fr\/fondation-dali\/nouvelle\/premier-prix-avicom-au-documentaire-dali-pitxot\/","title":{"rendered":"Premier prix AVICOM au documentaire \u00ab Dal\u00ed-Pitxot \u00bb"},"content":{"rendered":"<p>La Fundaci\u00f3 Gala-Salvador Dal\u00ed a \u00e9t\u00e9 r\u00e9compens\u00e9e par le prix Gold que d\u00e9cerne AVICOM (Comit\u00e9 international pour l&rsquo;audiovisuel et les technologies de l&rsquo;image, section audiovisuelle de l&rsquo;ICOM), et ceci pour le documentaire <em>Dal\u00ed-Pitxot. L&rsquo;all\u00e9gorie de la m\u00e9moire<\/em>, dans la cat\u00e9gorie long m\u00e9trage documentaire. Le prix a \u00e9t\u00e9 recueilli par le g\u00e9rant de la Fondation, Joan Manuel Sevillano Campalans, lors d&rsquo;une c\u00e9r\u00e9monie qui s&rsquo;est tenue le samedi 20 septembre dernier \u00e0 la State Tretyakov Gallery de Moscou durant le Festival international de l&rsquo;audiovisuel et du multim\u00e9dia sur le patrimoine, une comp\u00e9tition qui compte un jury international d&rsquo;experts charg\u00e9s d&rsquo;analyser les meilleures productions du monde de la mus\u00e9ologie. Le documentaire a \u00e9t\u00e9 produit par la soci\u00e9t\u00e9 La Nutria Produccions et Ivan Carrero sur un sc\u00e9nario de Montse Aguer et David Pujol, r\u00e9alis\u00e9 par David Pujol et mont\u00e9 par ce dernier et Jordi Mu\u00f1oz.<\/p>\n<p>C&rsquo;est \u00e0 La Nutria Produccions, maintenant sous le nom de Doc Doc Films, qu&rsquo;a \u00e9t\u00e9 confi\u00e9 le projet audiovisuel destin\u00e9 \u00e0 f\u00eater les 40 ans du Th\u00e9\u00e2tre-mus\u00e9e Dal\u00ed. Le documentaire <em>Dal\u00ed-Pitxot. L&rsquo;all\u00e9gorie de la m\u00e9moire<\/em> se pr\u00e9sente sous le format DVD, avec le catalogue de l&rsquo;exposition temporaire que le Ch\u00e2teau de P\u00fabol consacre cette ann\u00e9e \u00e0 Antoni Pitxot. L&rsquo;exposition a \u00e9t\u00e9 produite par le Centre d&rsquo;\u00e9tudes daliniennes, avec Montse Aguer pour commissaire. Les auteurs du catalogue, publi\u00e9 par DAS Edicions, sont, outre la commissaire, Juan Manuel Bonet et Antoni Pitxot. Le documentaire et l&rsquo;exposition sont visibles jusqu&rsquo;au 6 janvier 2015 au Ch\u00e2teau de P\u00fabol.<\/p>\n","protected":false},"excerpt":{"rendered":"<p>La Fundaci\u00f3 Gala-Salvador Dal\u00ed a \u00e9t\u00e9 r\u00e9compens\u00e9e par le prix Gold que d\u00e9cerne AVICOM (Comit\u00e9 international pour l&rsquo;audiovisuel et les technologies de l&rsquo;image, section audiovisuelle de l&rsquo;ICOM), et ceci pour le documentaire Dal\u00ed-Pitxot. L&rsquo;all\u00e9gorie de la m\u00e9moire, dans la cat\u00e9gorie long m\u00e9trage documentaire. Le prix a \u00e9t\u00e9 recueilli par le g\u00e9rant de la Fondation, Joan [&hellip;]<\/p>\n","protected":false},"featured_media":5006,"menu_order":0,"template":"","format":"standard","meta":{"_acf_changed":false,"_coblocks_attr":"","_coblocks_dimensions":"","_coblocks_responsive_height":"","_coblocks_accordion_ie_support":""},"categoria-actualitat":[111,113],"class_list":["post-9026","noticia","type-noticia","status-publish","format-standard","has-post-thumbnail","hentry","categoria-actualitat-fondation-gala-salvador-dali","categoria-actualitat-publications-fr"],"acf":[],"_links":{"self":[{"href":"https:\/\/webdali.latempesta.eu\/fr\/wp-json\/wp\/v2\/noticia\/9026","targetHints":{"allow":["GET"]}}],"collection":[{"href":"https:\/\/webdali.latempesta.eu\/fr\/wp-json\/wp\/v2\/noticia"}],"about":[{"href":"https:\/\/webdali.latempesta.eu\/fr\/wp-json\/wp\/v2\/types\/noticia"}],"wp:featuredmedia":[{"embeddable":true,"href":"https:\/\/webdali.latempesta.eu\/fr\/wp-json\/wp\/v2\/media\/5006"}],"wp:attachment":[{"href":"https:\/\/webdali.latempesta.eu\/fr\/wp-json\/wp\/v2\/media?parent=9026"}],"wp:term":[{"taxonomy":"categoria-actualitat","embeddable":true,"href":"https:\/\/webdali.latempesta.eu\/fr\/wp-json\/wp\/v2\/categoria-actualitat?post=9026"}],"curies":[{"name":"wp","href":"https:\/\/api.w.org\/{rel}","templated":true}]}}