{"id":9143,"date":"2013-04-18T00:00:00","date_gmt":"2013-04-17T22:00:00","guid":{"rendered":"https:\/\/webdali.latempesta.eu\/fundacio-dali\/noticia\/horari-especial-de-setmana-santa-3\/"},"modified":"2025-06-26T10:47:24","modified_gmt":"2025-06-26T08:47:24","slug":"ouverture-speciale-de-paques-3","status":"publish","type":"noticia","link":"https:\/\/webdali.latempesta.eu\/fr\/fondation-dali\/nouvelle\/ouverture-speciale-de-paques-3\/","title":{"rendered":"Ouverture Sp\u00e9ciale de P\u00e2ques"},"content":{"rendered":"<p><strong>Ouverture sp\u00e9ciale des Mus\u00e9es Dal\u00ed pendant les vacances de P\u00e2ques:<\/strong><\/p>\n<p>Le Th\u00e9\u00e2tre-Mus\u00e9e Dal\u00ed \u00e0 <strong>FIGUERES <\/strong>sera ouvert exceptionnellement les Lundis 18 et 25 Mars et le 1r Avril, de 9:30 heures \u00e0 18 heures. Dernier acc\u00e8s \u00e0 17:15 heures.<\/p>\n<p>Vendredi Saint, Samedi et Dimanche de P\u00e2ques il sera ouvert de 9 heures \u00e0 20 heures. Dernier acc\u00e9s \u00e0 19:15 heures.<\/p>\n<p>La maison-mus\u00e9e Salvador Dal\u00ed \u00e0 <strong>PORTLLIGAT <\/strong>ouvre exceptionnellement les Lundis 25 Mars et 1r Avril. Lundi 18 Mars elle sera ferm\u00e9e. L&rsquo;horaire est de 10:30 heures \u00e0 18heures, dernier acc\u00e8s \u00e0 17:10 heures.<\/p>\n<p>Le Ch\u00e2teau Gala Dal\u00ed \u00e0 <strong>P\u00daBOL <\/strong>ouvre \u00e0 nouveau ses portes cette saison Vendredi 15 Mars. Pendant les vacances de P\u00e2ques, il ouvre excepcionnellement les Lundis 25 Mars et le 1r Avril. Lundi 18 Mars il sera ferm\u00e9. L&rsquo;horaire est de 10 heures \u00e0 18 heures, dernier acc\u00e8s \u00e0 17:15 heures.<\/p>\n","protected":false},"excerpt":{"rendered":"<p>Ouverture sp\u00e9ciale des Mus\u00e9es Dal\u00ed pendant les vacances de P\u00e2ques: Le Th\u00e9\u00e2tre-Mus\u00e9e Dal\u00ed \u00e0 FIGUERES sera ouvert exceptionnellement les Lundis 18 et 25 Mars et le 1r Avril, de 9:30 heures \u00e0 18 heures. Dernier acc\u00e8s \u00e0 17:15 heures. Vendredi Saint, Samedi et Dimanche de P\u00e2ques il sera ouvert de 9 heures \u00e0 20 heures. [&hellip;]<\/p>\n","protected":false},"featured_media":4769,"menu_order":0,"template":"","format":"standard","meta":{"_acf_changed":false,"_coblocks_attr":"","_coblocks_dimensions":"","_coblocks_responsive_height":"","_coblocks_accordion_ie_support":""},"categoria-actualitat":[112],"class_list":["post-9143","noticia","type-noticia","status-publish","format-standard","has-post-thumbnail","hentry","categoria-actualitat-musees"],"acf":[],"_links":{"self":[{"href":"https:\/\/webdali.latempesta.eu\/fr\/wp-json\/wp\/v2\/noticia\/9143","targetHints":{"allow":["GET"]}}],"collection":[{"href":"https:\/\/webdali.latempesta.eu\/fr\/wp-json\/wp\/v2\/noticia"}],"about":[{"href":"https:\/\/webdali.latempesta.eu\/fr\/wp-json\/wp\/v2\/types\/noticia"}],"wp:featuredmedia":[{"embeddable":true,"href":"https:\/\/webdali.latempesta.eu\/fr\/wp-json\/wp\/v2\/media\/4769"}],"wp:attachment":[{"href":"https:\/\/webdali.latempesta.eu\/fr\/wp-json\/wp\/v2\/media?parent=9143"}],"wp:term":[{"taxonomy":"categoria-actualitat","embeddable":true,"href":"https:\/\/webdali.latempesta.eu\/fr\/wp-json\/wp\/v2\/categoria-actualitat?post=9143"}],"curies":[{"name":"wp","href":"https:\/\/api.w.org\/{rel}","templated":true}]}}