{"id":9173,"date":"2012-07-28T00:00:00","date_gmt":"2012-07-27T22:00:00","guid":{"rendered":"https:\/\/webdali.latempesta.eu\/fundacio-dali\/noticia\/el-museu-dali-obre-de-nit\/"},"modified":"2025-06-26T10:47:24","modified_gmt":"2025-06-26T08:47:24","slug":"le-musee-dali-ouvre-le-soir","status":"publish","type":"noticia","link":"https:\/\/webdali.latempesta.eu\/fr\/fondation-dali\/nouvelle\/le-musee-dali-ouvre-le-soir\/","title":{"rendered":"Le mus\u00e9e Dal\u00ed ouvre le soir"},"content":{"rendered":"<p>Venez profiter des nuits d&rsquo;\u00e9t\u00e9 au Th\u00e9\u00e2tre-Mus\u00e9e Dal\u00ed de Figueres du 28 Juillet au 1er Setembre de dix heures du soir \u00e0 une heure. La porte ferme \u00e0 00h30 ou quand les 500 entr\u00e9es sont vendues. Vous pourrez d\u00e9guster une verre de champagne ros\u00e9 dans l&rsquo;une des terrasses, o\u00f9 des vid\u00e9os sur Salvador Dal\u00ed sont projet\u00e9s. <a href=\"https:\/\/webdali.latempesta.eu\/serveis\/fr_entrades\/\">Achetez <\/a>les billets \u00e0 l&rsquo;avance sur notre site web. <a href=\"\/museus\/teatre-museu-dali\/museu-dali-de-nit\/fr_index\/\">Ici <\/a>vous trouverez plus d&rsquo;informations. Comme nouvelle exposition temporaire, cette ann\u00e9e vous verrez la peinture <em><a href=\"\/serveis\/premsa\/nouvelles\/219\/pret-temporaire-de-loeuvre-depart-hommage-aux-actualites-fox\">Depart. Hommage aux Actualit\u00e9s Fox<\/a><\/em> dans la Salle des Loggias.<\/p>\n","protected":false},"excerpt":{"rendered":"<p>Venez profiter des nuits d&rsquo;\u00e9t\u00e9 au Th\u00e9\u00e2tre-Mus\u00e9e Dal\u00ed de Figueres du 28 Juillet au 1er Setembre de dix heures du soir \u00e0 une heure. La porte ferme \u00e0 00h30 ou quand les 500 entr\u00e9es sont vendues. Vous pourrez d\u00e9guster une verre de champagne ros\u00e9 dans l&rsquo;une des terrasses, o\u00f9 des vid\u00e9os sur Salvador Dal\u00ed sont [&hellip;]<\/p>\n","protected":false},"featured_media":4724,"menu_order":0,"template":"","format":"standard","meta":{"_acf_changed":false,"_coblocks_attr":"","_coblocks_dimensions":"","_coblocks_responsive_height":"","_coblocks_accordion_ie_support":""},"categoria-actualitat":[112],"class_list":["post-9173","noticia","type-noticia","status-publish","format-standard","has-post-thumbnail","hentry","categoria-actualitat-musees"],"acf":[],"_links":{"self":[{"href":"https:\/\/webdali.latempesta.eu\/fr\/wp-json\/wp\/v2\/noticia\/9173","targetHints":{"allow":["GET"]}}],"collection":[{"href":"https:\/\/webdali.latempesta.eu\/fr\/wp-json\/wp\/v2\/noticia"}],"about":[{"href":"https:\/\/webdali.latempesta.eu\/fr\/wp-json\/wp\/v2\/types\/noticia"}],"wp:featuredmedia":[{"embeddable":true,"href":"https:\/\/webdali.latempesta.eu\/fr\/wp-json\/wp\/v2\/media\/4724"}],"wp:attachment":[{"href":"https:\/\/webdali.latempesta.eu\/fr\/wp-json\/wp\/v2\/media?parent=9173"}],"wp:term":[{"taxonomy":"categoria-actualitat","embeddable":true,"href":"https:\/\/webdali.latempesta.eu\/fr\/wp-json\/wp\/v2\/categoria-actualitat?post=9173"}],"curies":[{"name":"wp","href":"https:\/\/api.w.org\/{rel}","templated":true}]}}