{"id":9188,"date":"2012-06-27T00:00:00","date_gmt":"2012-06-26T22:00:00","guid":{"rendered":"https:\/\/webdali.latempesta.eu\/fundacio-dali\/noticia\/entrada-anticipada-al-teatre-museu-dali-2\/"},"modified":"2025-06-26T10:47:25","modified_gmt":"2025-06-26T08:47:25","slug":"entree-anticipee-au-theatre-musee-dali","status":"publish","type":"noticia","link":"https:\/\/webdali.latempesta.eu\/fr\/fondation-dali\/nouvelle\/entree-anticipee-au-theatre-musee-dali\/","title":{"rendered":"Entr\u00e9e anticip\u00e9e au Th\u00e9\u00e2tre-Mus\u00e9e Dal\u00ed"},"content":{"rendered":"<p>Nous offrons une formule anticip\u00e9e d&rsquo;entr\u00e9e individuelle pour visiter le Th\u00e9\u00e2tre-Mus\u00e9e Dal\u00ed de Figueres pendant les jours compris entre le 15 Juillet et le 31 Ao\u00fbt,\u00a0entre\u00a017 heures\u00a0et 18:30 heures. L&rsquo;achat anticip\u00e9 au tariff unique de 12,00 Euros se r\u00e9alise sur <a href=\"https:\/\/webdali.latempesta.eu\/serveis\/fr_entrades\/\">ce site<\/a> ou bien aux distributeurs automatiques Servicaixa de \u201cla Caixa\u201d.<\/p>\n<p>Comme dans les ann\u00e9es pr\u00e9c\u00e9dentes, vous pouvez aussi acheter les entr\u00e9s anticip\u00e9es pour la <a href=\"\/museus\/teatre-museu-dali\/museu-dali-de-nit\/fr_index\/\">Visite de Nuit<\/a> (du 28 Juillet au 1r Septembre) directement \u00e0 travers <a href=\"https:\/\/webdali.latempesta.eu\/serveis\/fr_entrades\/\">ce site<\/a>.<\/p>\n","protected":false},"excerpt":{"rendered":"<p>Nous offrons une formule anticip\u00e9e d&rsquo;entr\u00e9e individuelle pour visiter le Th\u00e9\u00e2tre-Mus\u00e9e Dal\u00ed de Figueres pendant les jours compris entre le 15 Juillet et le 31 Ao\u00fbt,\u00a0entre\u00a017 heures\u00a0et 18:30 heures. L&rsquo;achat anticip\u00e9 au tariff unique de 12,00 Euros se r\u00e9alise sur ce site ou bien aux distributeurs automatiques Servicaixa de \u201cla Caixa\u201d. Comme dans les ann\u00e9es [&hellip;]<\/p>\n","protected":false},"featured_media":4624,"menu_order":0,"template":"","format":"standard","meta":{"_acf_changed":false,"_coblocks_attr":"","_coblocks_dimensions":"","_coblocks_responsive_height":"","_coblocks_accordion_ie_support":""},"categoria-actualitat":[112],"class_list":["post-9188","noticia","type-noticia","status-publish","format-standard","has-post-thumbnail","hentry","categoria-actualitat-musees"],"acf":[],"_links":{"self":[{"href":"https:\/\/webdali.latempesta.eu\/fr\/wp-json\/wp\/v2\/noticia\/9188","targetHints":{"allow":["GET"]}}],"collection":[{"href":"https:\/\/webdali.latempesta.eu\/fr\/wp-json\/wp\/v2\/noticia"}],"about":[{"href":"https:\/\/webdali.latempesta.eu\/fr\/wp-json\/wp\/v2\/types\/noticia"}],"wp:featuredmedia":[{"embeddable":true,"href":"https:\/\/webdali.latempesta.eu\/fr\/wp-json\/wp\/v2\/media\/4624"}],"wp:attachment":[{"href":"https:\/\/webdali.latempesta.eu\/fr\/wp-json\/wp\/v2\/media?parent=9188"}],"wp:term":[{"taxonomy":"categoria-actualitat","embeddable":true,"href":"https:\/\/webdali.latempesta.eu\/fr\/wp-json\/wp\/v2\/categoria-actualitat?post=9188"}],"curies":[{"name":"wp","href":"https:\/\/api.w.org\/{rel}","templated":true}]}}