{"id":9230,"date":"2011-08-31T00:00:00","date_gmt":"2011-08-30T22:00:00","guid":{"rendered":"https:\/\/webdali.latempesta.eu\/fundacio-dali\/noticia\/ultima-nit-al-teatre-museu-dali\/"},"modified":"2025-06-26T10:47:25","modified_gmt":"2025-06-26T08:47:25","slug":"ouverture-speciale-de-nuit","status":"publish","type":"noticia","link":"https:\/\/webdali.latempesta.eu\/fr\/fondation-dali\/nouvelle\/ouverture-speciale-de-nuit\/","title":{"rendered":"Ouverture sp\u00e9ciale de nuit"},"content":{"rendered":"<p>Le Th\u00e9\u00e2tre-Mus\u00e9e Dal\u00ed\u00a0cel\u00e8bre\u00a0cette ann\u00e9e aussi l&rsquo;ouverture sp\u00e9ciale de nuit le 10 septembre, de 10 heures\u00a0du soir \u00e0 une heure de la matin\u00e9e. Dernier acc\u00e8s \u00e0 minuit et demi, en fonction de la capacit\u00e9. C&rsquo;est une c\u00e9l\u00e9bration dans laquelle les mus\u00e9es et d&rsquo;autres \u00e9quipements culturels ouvrent gratu\u00eftement pendant le soir,\u00a0veille de la f\u00eate nationale de la Catalogne.<\/p>\n<p>Cette ann\u00e9e, la nouveaut\u00e9 est la derni\u00e8re acquisition d&rsquo;oeuvre que la Fondation Dal\u00ed a pr\u00e9sent\u00e9 le dernier 27 Ao\u00fbt, <a href=\"\/cataleg_raonat\/fitxa_obra.html?text=fair&amp;obra=106\">Les f\u00eates de Figueres<\/a>, qui se trouve dans la\u00a0Salle des Poissoneries.<\/p>\n","protected":false},"excerpt":{"rendered":"<p>Le Th\u00e9\u00e2tre-Mus\u00e9e Dal\u00ed\u00a0cel\u00e8bre\u00a0cette ann\u00e9e aussi l&rsquo;ouverture sp\u00e9ciale de nuit le 10 septembre, de 10 heures\u00a0du soir \u00e0 une heure de la matin\u00e9e. Dernier acc\u00e8s \u00e0 minuit et demi, en fonction de la capacit\u00e9. C&rsquo;est une c\u00e9l\u00e9bration dans laquelle les mus\u00e9es et d&rsquo;autres \u00e9quipements culturels ouvrent gratu\u00eftement pendant le soir,\u00a0veille de la f\u00eate nationale de la [&hellip;]<\/p>\n","protected":false},"featured_media":4634,"menu_order":0,"template":"","format":"standard","meta":{"_acf_changed":false,"_coblocks_attr":"","_coblocks_dimensions":"","_coblocks_responsive_height":"","_coblocks_accordion_ie_support":""},"categoria-actualitat":[112],"class_list":["post-9230","noticia","type-noticia","status-publish","format-standard","has-post-thumbnail","hentry","categoria-actualitat-musees"],"acf":[],"_links":{"self":[{"href":"https:\/\/webdali.latempesta.eu\/fr\/wp-json\/wp\/v2\/noticia\/9230","targetHints":{"allow":["GET"]}}],"collection":[{"href":"https:\/\/webdali.latempesta.eu\/fr\/wp-json\/wp\/v2\/noticia"}],"about":[{"href":"https:\/\/webdali.latempesta.eu\/fr\/wp-json\/wp\/v2\/types\/noticia"}],"wp:featuredmedia":[{"embeddable":true,"href":"https:\/\/webdali.latempesta.eu\/fr\/wp-json\/wp\/v2\/media\/4634"}],"wp:attachment":[{"href":"https:\/\/webdali.latempesta.eu\/fr\/wp-json\/wp\/v2\/media?parent=9230"}],"wp:term":[{"taxonomy":"categoria-actualitat","embeddable":true,"href":"https:\/\/webdali.latempesta.eu\/fr\/wp-json\/wp\/v2\/categoria-actualitat?post=9230"}],"curies":[{"name":"wp","href":"https:\/\/api.w.org\/{rel}","templated":true}]}}