{"id":9296,"date":"2011-01-11T00:00:00","date_gmt":"2011-01-10T22:00:00","guid":{"rendered":"https:\/\/webdali.latempesta.eu\/fundacio-dali\/noticia\/inauguracio-de-la-nova-seu-del-museu-dali-de-florida\/"},"modified":"2025-06-26T10:47:25","modified_gmt":"2025-06-26T08:47:25","slug":"inauguration-du-nouveau-siege-du-musee-dali-de-floride","status":"publish","type":"noticia","link":"https:\/\/webdali.latempesta.eu\/fr\/fondation-dali\/nouvelle\/inauguration-du-nouveau-siege-du-musee-dali-de-floride\/","title":{"rendered":"Inauguration du nouveau si\u00e8ge du Mus\u00e9e Dal\u00ed de Floride"},"content":{"rendered":"<div style=\"text-align: justify; margin: 0cm 0cm 10pt\"><span style=\"font-size: 11pt\">Le nouveau si\u00e8ge du Mus\u00e9e Dal\u00ed de Floride a \u00e9t\u00e9 inaugur\u00e9 le 11 janvier 2011 dernier, \u00e0 11 heures 11 minutes du matin. <\/span><\/div>\n<div style=\"text-align: justify; margin: 0cm 0cm 10pt\"><span style=\"font-size: 11pt\">L\u2019Infante Cristina de Borb\u00f3n, le g\u00e9rant de la Fondation Gala-Dal\u00ed, Joan Manuel Sevillano, le secr\u00e9taire g\u00e9n\u00e9ral, Llu\u00eds Pe\u00f1uelas, et plusieurs repr\u00e9sentants des mairies de Cadaqu\u00e9s et Figueres ont assist\u00e9 aux actes d\u2019inauguration du nouveau mus\u00e9e.<\/span><\/div>\n<div style=\"text-align: justify; margin: 0cm 0cm 10pt\"><span style=\"font-size: 11pt\">De style moderne, flanqu\u00e9 d\u2019une structure rappelant la coupole g\u00e9od\u00e9sique du Th\u00e9\u00e2tre-mus\u00e9e de Figueres, le b\u00e2timent est le nouveau si\u00e8ge d\u2019une institution priv\u00e9e fond\u00e9e en 1982 pour pr\u00e9server l\u2019h\u00e9ritage artistique qu\u2019ont r\u00e9uni au fil des ans Albert Reynolds Morse et son \u00e9pouse Eleanor, amis de Dal\u00ed et Gala durant 45 ans.<\/span><\/div>\n<div style=\"text-align: justify; margin: 0cm 0cm 10pt\"><span style=\"font-size: 11pt\">Avant de couper le ruban inaugural, l\u2019Infante Cristina a soulign\u00e9 que le nouveau mus\u00e9e renforce les liens culturels entre l\u2019Espagne et les \u00c9tats-Unis, et confirme le rayonnement international de l\u2019h\u00e9ritage de Dal\u00ed. <\/span><\/div>\n<div style=\"margin: 0cm 0cm 10pt\"><span style=\"font-size: 11pt\">Pour f\u00e9liciter son homonyme am\u00e9ricain, le Th\u00e9\u00e2tre-mus\u00e9e Dal\u00ed de Figueres a r\u00e9alis\u00e9 une activit\u00e9 didactique par l\u2019interm\u00e9diaire de son Service \u00e9ducatif et de l\u2019association Amis des Mus\u00e9es Dal\u00ed. Intitul\u00e9e \u00ab\u00a0Surr\u00e9alisez-vous. Un message pour le mus\u00e9e de Floride\u00a0\u00bb, cette activit\u00e9 se composait de deux visites-atelier \u00e0 l\u2019intention des familles (qui ont eu lieu les 29 et 30 d\u00e9cembre)\u00a0; elle s\u2019est conclue par l\u2019\u00e9laboration de plusieurs cartes postales surr\u00e9alistes \u00e0 base de collage, inspir\u00e9es d&rsquo;une technique fr\u00e9quemment utilis\u00e9e par les artistes surr\u00e9alistes, le <em>mail art<\/em>.Les originaux de ces cartes postales ont \u00e9t\u00e9 adress\u00e9es au Service \u00e9ducatif du Mus\u00e9e Dal\u00ed de Saint Petersburg.<\/span>\u00a0\u00a0<\/div>\n","protected":false},"excerpt":{"rendered":"<p>Le nouveau si\u00e8ge du Mus\u00e9e Dal\u00ed de Floride a \u00e9t\u00e9 inaugur\u00e9 le 11 janvier 2011 dernier, \u00e0 11 heures 11 minutes du matin. L\u2019Infante Cristina de Borb\u00f3n, le g\u00e9rant de la Fondation Gala-Dal\u00ed, Joan Manuel Sevillano, le secr\u00e9taire g\u00e9n\u00e9ral, Llu\u00eds Pe\u00f1uelas, et plusieurs repr\u00e9sentants des mairies de Cadaqu\u00e9s et Figueres ont assist\u00e9 aux actes d\u2019inauguration [&hellip;]<\/p>\n","protected":false},"featured_media":4539,"menu_order":0,"template":"","format":"standard","meta":{"_acf_changed":false,"_coblocks_attr":"","_coblocks_dimensions":"","_coblocks_responsive_height":"","_coblocks_accordion_ie_support":""},"categoria-actualitat":[111],"class_list":["post-9296","noticia","type-noticia","status-publish","format-standard","has-post-thumbnail","hentry","categoria-actualitat-fondation-gala-salvador-dali"],"acf":[],"_links":{"self":[{"href":"https:\/\/webdali.latempesta.eu\/fr\/wp-json\/wp\/v2\/noticia\/9296","targetHints":{"allow":["GET"]}}],"collection":[{"href":"https:\/\/webdali.latempesta.eu\/fr\/wp-json\/wp\/v2\/noticia"}],"about":[{"href":"https:\/\/webdali.latempesta.eu\/fr\/wp-json\/wp\/v2\/types\/noticia"}],"wp:featuredmedia":[{"embeddable":true,"href":"https:\/\/webdali.latempesta.eu\/fr\/wp-json\/wp\/v2\/media\/4539"}],"wp:attachment":[{"href":"https:\/\/webdali.latempesta.eu\/fr\/wp-json\/wp\/v2\/media?parent=9296"}],"wp:term":[{"taxonomy":"categoria-actualitat","embeddable":true,"href":"https:\/\/webdali.latempesta.eu\/fr\/wp-json\/wp\/v2\/categoria-actualitat?post=9296"}],"curies":[{"name":"wp","href":"https:\/\/api.w.org\/{rel}","templated":true}]}}