{"id":9317,"date":"2010-08-07T00:00:00","date_gmt":"2010-08-06T22:00:00","guid":{"rendered":"https:\/\/webdali.latempesta.eu\/fundacio-dali\/noticia\/el-dali-tarda-a-atlanta\/"},"modified":"2025-06-26T10:47:27","modified_gmt":"2025-06-26T08:47:27","slug":"pret-temporaire-de-l-huile-les-tigres-du-musee-thyssen","status":"publish","type":"noticia","link":"https:\/\/webdali.latempesta.eu\/fr\/fondation-dali\/nouvelle\/pret-temporaire-de-l-huile-les-tigres-du-musee-thyssen\/","title":{"rendered":"Pr\u00eat temporaire de l&rsquo;huile \u00ab\u00a0Les tigres\u00a0\u00bb du mus\u00e9e Thyssen"},"content":{"rendered":"<p>L&rsquo;oeuvre <em><a href=\"\/media\/upload\/arxius\/noticies\/desplegable-prestec-tigres.pdf\">R\u00eave caus\u00e9 par le vol d&rsquo;une abeille autour d&rsquo;une pomme-grenade une seconde avant l&rsquo;\u00e9veil<\/a><\/em>, propri\u00e9t\u00e9 du Museo Thyssen-Bornemisza de Madrid, a \u00e9t\u00e9\u00a0expos\u00e9e \u00e0 la Salle des Dessins (num\u00e9ro 6) du Th\u00e9\u00e2tre-Mus\u00e9e Dal\u00ed \u00e0 Figueres du 9 F\u00e9vrier au\u00a02 Mai 2010.<\/p>\n","protected":false},"excerpt":{"rendered":"<p>L&rsquo;oeuvre R\u00eave caus\u00e9 par le vol d&rsquo;une abeille autour d&rsquo;une pomme-grenade une seconde avant l&rsquo;\u00e9veil, propri\u00e9t\u00e9 du Museo Thyssen-Bornemisza de Madrid, a \u00e9t\u00e9\u00a0expos\u00e9e \u00e0 la Salle des Dessins (num\u00e9ro 6) du Th\u00e9\u00e2tre-Mus\u00e9e Dal\u00ed \u00e0 Figueres du 9 F\u00e9vrier au\u00a02 Mai 2010.<\/p>\n","protected":false},"featured_media":4503,"menu_order":0,"template":"","format":"standard","meta":{"_acf_changed":false,"_coblocks_attr":"","_coblocks_dimensions":"","_coblocks_responsive_height":"","_coblocks_accordion_ie_support":""},"categoria-actualitat":[110],"class_list":["post-9317","noticia","type-noticia","status-publish","format-standard","has-post-thumbnail","hentry","categoria-actualitat-expositions"],"acf":[],"_links":{"self":[{"href":"https:\/\/webdali.latempesta.eu\/fr\/wp-json\/wp\/v2\/noticia\/9317","targetHints":{"allow":["GET"]}}],"collection":[{"href":"https:\/\/webdali.latempesta.eu\/fr\/wp-json\/wp\/v2\/noticia"}],"about":[{"href":"https:\/\/webdali.latempesta.eu\/fr\/wp-json\/wp\/v2\/types\/noticia"}],"wp:featuredmedia":[{"embeddable":true,"href":"https:\/\/webdali.latempesta.eu\/fr\/wp-json\/wp\/v2\/media\/4503"}],"wp:attachment":[{"href":"https:\/\/webdali.latempesta.eu\/fr\/wp-json\/wp\/v2\/media?parent=9317"}],"wp:term":[{"taxonomy":"categoria-actualitat","embeddable":true,"href":"https:\/\/webdali.latempesta.eu\/fr\/wp-json\/wp\/v2\/categoria-actualitat?post=9317"}],"curies":[{"name":"wp","href":"https:\/\/api.w.org\/{rel}","templated":true}]}}