{"id":9437,"date":"2008-08-01T00:00:00","date_gmt":"2008-07-31T22:00:00","guid":{"rendered":"https:\/\/webdali.latempesta.eu\/fundacio-dali\/noticia\/dali-de-nit\/"},"modified":"2025-06-26T10:47:28","modified_gmt":"2025-06-26T08:47:28","slug":"dali-de-nuit","status":"publish","type":"noticia","link":"https:\/\/webdali.latempesta.eu\/fr\/fondation-dali\/nouvelle\/dali-de-nuit\/","title":{"rendered":"Dal\u00ed de Nuit"},"content":{"rendered":"<p>On peut acheter les <a href=\"https:\/\/webdali.latempesta.eu\/serveis\/fr_entrades\/\">tickets<\/a> pour la visite nocturne au Th\u00e9\u00e2tre-Mus\u00e9e Dal\u00ed de Figueres \u00e0 travers le site internet de la Fondation. Pour d&rsquo;autres services d&rsquo;achat ou r\u00e9servation de tickets pour les mus\u00e9es Dal\u00ed, visitez ce <a href=\"https:\/\/webdali.latempesta.eu\/serveis\/fr_entrades\/\">lien<\/a>.<\/p>\n<p>Cette ann\u00e9e la visite de nuit a lieu pendant le mois d&rsquo;ao\u00fbt. Pour plus de renseignements sur cette \u00e9dition nocturne, visitez <a href=\"\/museus\/teatre-museu-dali\/museu-dali-de-nit\/fr_index\/\">Dal\u00ed de Nuit<\/a>.<\/p>\n<p>Comme nouveaut\u00e9, on peut voir dans le Th\u00e9\u00e2tre-Mus\u00e9e Dal\u00ed de Figueres, en horaire de\u00a0jour et\u00a0de nuit, deux oeuvres qui ont \u00e9t\u00e9 pr\u00eat\u00e9es temporairement:<\/p>\n<p><a href=\"\/cataleg_raonat\/fitxa_obra.html?obra=442\">Le d\u00e9jeuner sur l&rsquo;herbe<\/a><\/p>\n<p>Musiciens<\/p>\n","protected":false},"excerpt":{"rendered":"<p>On peut acheter les tickets pour la visite nocturne au Th\u00e9\u00e2tre-Mus\u00e9e Dal\u00ed de Figueres \u00e0 travers le site internet de la Fondation. Pour d&rsquo;autres services d&rsquo;achat ou r\u00e9servation de tickets pour les mus\u00e9es Dal\u00ed, visitez ce lien. Cette ann\u00e9e la visite de nuit a lieu pendant le mois d&rsquo;ao\u00fbt. Pour plus de renseignements sur cette [&hellip;]<\/p>\n","protected":false},"featured_media":4321,"menu_order":0,"template":"","format":"standard","meta":{"_acf_changed":false,"_coblocks_attr":"","_coblocks_dimensions":"","_coblocks_responsive_height":"","_coblocks_accordion_ie_support":""},"categoria-actualitat":[110,112],"class_list":["post-9437","noticia","type-noticia","status-publish","format-standard","has-post-thumbnail","hentry","categoria-actualitat-expositions","categoria-actualitat-musees"],"acf":[],"_links":{"self":[{"href":"https:\/\/webdali.latempesta.eu\/fr\/wp-json\/wp\/v2\/noticia\/9437","targetHints":{"allow":["GET"]}}],"collection":[{"href":"https:\/\/webdali.latempesta.eu\/fr\/wp-json\/wp\/v2\/noticia"}],"about":[{"href":"https:\/\/webdali.latempesta.eu\/fr\/wp-json\/wp\/v2\/types\/noticia"}],"wp:featuredmedia":[{"embeddable":true,"href":"https:\/\/webdali.latempesta.eu\/fr\/wp-json\/wp\/v2\/media\/4321"}],"wp:attachment":[{"href":"https:\/\/webdali.latempesta.eu\/fr\/wp-json\/wp\/v2\/media?parent=9437"}],"wp:term":[{"taxonomy":"categoria-actualitat","embeddable":true,"href":"https:\/\/webdali.latempesta.eu\/fr\/wp-json\/wp\/v2\/categoria-actualitat?post=9437"}],"curies":[{"name":"wp","href":"https:\/\/api.w.org\/{rel}","templated":true}]}}